{"id":35933,"date":"2020-10-09T13:02:07","date_gmt":"2020-10-09T17:02:07","guid":{"rendered":"https:\/\/inces.gob.ve\/?p=35933"},"modified":"2020-10-09T13:02:07","modified_gmt":"2020-10-09T17:02:07","slug":"la-guaira-el-inces-llena-de-sabores-el-area-de-catering-de-aeropostal","status":"publish","type":"post","link":"https:\/\/inces.gob.ve\/index.php\/2020\/10\/09\/la-guaira-el-inces-llena-de-sabores-el-area-de-catering-de-aeropostal\/","title":{"rendered":"LA GUAIRA | El Inces llena de sabores el \u00e1rea de catering de Aeropostal ."},"content":{"rendered":"<p style=\"text-align: justify;\"><em><strong>** La actividad formativa t\u00e9cnica profesional que desarrolla el Inces La Guaira, realizada en el \u00e1rea de catering perteneciente a Aeropostal, llen\u00f3 de sabores los espacios y oficinas de la mencionada l\u00ednea \u00e1rea<\/strong><\/em><!--more--><\/p>\n<p style=\"text-align: justify;\">\n<p style=\"text-align: justify;\"><strong>RONALD PINTO<\/strong><\/p>\n<p style=\"text-align: justify;\">En la acci\u00f3n formativa, organizada por el Inces La Guaira y Aeropostal, intervienen catorce trabajadores y trabajadoras en la formaci\u00f3n productiva \u00abPanificaci\u00f3n Dom\u00e9stica\u00bb, curso en proceso, orientado por la maestra Dafne Darahona, bajo la coordinaci\u00f3n del Instituto Nacional de Capacitaci\u00f3n y Educaci\u00f3n Socialista (Inces).<\/p>\n<p>Nohemi Apostol, trabajadora de Aeropostal y participante de la formaci\u00f3n coment\u00f3: \u00abEn esta etapa del curso nos encontramos produciendo todo tipo de pan\u00bb, reiter\u00f3 Apostol, mientras trabajaba en la elaboraci\u00f3n de unos roles de canela.<\/p>\n<p>\u00abNos encontramos haciendo panes dulces, salados, \u00abcanilla\u00bb, pan de tunja, pan deli, romano, quesadillas y toda variedad de pan de trigo\u00bb, expres\u00f3 Apostol.<\/p>\n<p>Por su parte, la maestra Dafne Darahona coment\u00f3 que los participantes de esta formaci\u00f3n est\u00e1n ilusionados y motivados en la preparaci\u00f3n de las recetas y a diario est\u00e1n produciendo. Indic\u00f3 que la mayor\u00eda de estos productos ser\u00e1n distribuidos, a trav\u00e9s del servicio de catering, a los usuarios que hagan uso de los servicios,\u00a0 experiencia que busca optimizar sus actividades.<\/p>\n<p>Beralys Figueroa, directora general de Gesti\u00f3n Humana, se\u00f1al\u00f3 que la mayor\u00eda de los trabajadores presentes en esta formaci\u00f3n ya ten\u00edan algunos conocimientos b\u00e1sicos, ahora tendr\u00e1n algo m\u00e1s que la experiencia y su certificaci\u00f3n t\u00e9cnica profesional otorgada por el Inces.<\/p>\n<p>Destac\u00f3 que todos los productos elaborados ser\u00e1n ofrecidos a los usuarios que hacen uso de los servicios de Aeropostal, Alas de Venezuela.<\/p>\n","protected":false},"excerpt":{"rendered":"<p>** La actividad formativa t\u00e9cnica profesional que desarrolla el Inces La Guaira, realizada en el \u00e1rea de catering perteneciente a Aeropostal, llen\u00f3 de sabores los espacios y oficinas de la mencionada l\u00ednea \u00e1rea<\/p>\n","protected":false},"author":4,"featured_media":35934,"comment_status":"closed","ping_status":"closed","sticky":false,"template":"","format":"standard","meta":{"footnotes":""},"categories":[2],"tags":[],"class_list":["post-35933","post","type-post","status-publish","format-standard","has-post-thumbnail","hentry","category-blog"],"_links":{"self":[{"href":"https:\/\/inces.gob.ve\/index.php\/wp-json\/wp\/v2\/posts\/35933","targetHints":{"allow":["GET"]}}],"collection":[{"href":"https:\/\/inces.gob.ve\/index.php\/wp-json\/wp\/v2\/posts"}],"about":[{"href":"https:\/\/inces.gob.ve\/index.php\/wp-json\/wp\/v2\/types\/post"}],"author":[{"embeddable":true,"href":"https:\/\/inces.gob.ve\/index.php\/wp-json\/wp\/v2\/users\/4"}],"replies":[{"embeddable":true,"href":"https:\/\/inces.gob.ve\/index.php\/wp-json\/wp\/v2\/comments?post=35933"}],"version-history":[{"count":1,"href":"https:\/\/inces.gob.ve\/index.php\/wp-json\/wp\/v2\/posts\/35933\/revisions"}],"predecessor-version":[{"id":35935,"href":"https:\/\/inces.gob.ve\/index.php\/wp-json\/wp\/v2\/posts\/35933\/revisions\/35935"}],"wp:featuredmedia":[{"embeddable":true,"href":"https:\/\/inces.gob.ve\/index.php\/wp-json\/wp\/v2\/media\/35934"}],"wp:attachment":[{"href":"https:\/\/inces.gob.ve\/index.php\/wp-json\/wp\/v2\/media?parent=35933"}],"wp:term":[{"taxonomy":"category","embeddable":true,"href":"https:\/\/inces.gob.ve\/index.php\/wp-json\/wp\/v2\/categories?post=35933"},{"taxonomy":"post_tag","embeddable":true,"href":"https:\/\/inces.gob.ve\/index.php\/wp-json\/wp\/v2\/tags?post=35933"}],"curies":[{"name":"wp","href":"https:\/\/api.w.org\/{rel}","templated":true}]}}