{"id":35951,"date":"2020-10-09T14:41:15","date_gmt":"2020-10-09T18:41:15","guid":{"rendered":"https:\/\/inces.gob.ve\/?p=35951"},"modified":"2020-10-09T14:41:15","modified_gmt":"2020-10-09T18:41:15","slug":"carabobo-bomberos-de-valencia-realizaron-jornada-de-desinfeccion-en-el-cfs-rafael-urdaneta","status":"publish","type":"post","link":"https:\/\/inces.gob.ve\/index.php\/2020\/10\/09\/carabobo-bomberos-de-valencia-realizaron-jornada-de-desinfeccion-en-el-cfs-rafael-urdaneta\/","title":{"rendered":"CARABOBO | Bomberos\u00a0de Valencia realizaron Jornada de Desinfecci\u00f3n en el CFS Rafael Urdaneta"},"content":{"rendered":"<div dir=\"ltr\"><em><strong>** La actividad de limpieza tambi\u00e9n se llev\u00f3 a cabo en el CN de Soldadura y cont\u00f3 con el apoyo de la alcald\u00eda de Valencia<\/strong><\/em><\/div>\n<p><!--more--><\/p>\n<div dir=\"ltr\">\n<div>\n<div><b>ATILIA CORT\u00c9Z<br \/>\n<\/b><\/div>\n<\/div>\n<div><b>\u00a0<\/b><\/div>\n<div><b>E<\/b>n el combate contra esta pandemia mundial que es el COVID-19 el Instituto Nacional de Capacitaci\u00f3n y Educacion Socialista (Inces), juntos\u00a0 a sus centros de formaci\u00f3n socialista (CFS) han realizado, en cumplimientos del Gobierno Nacional, Jornadas de Desinfecci\u00f3n y Limpieza de sus recintos de estudios.<\/div>\n<div><\/div>\n<div><b>\u00a0<\/b><\/div>\n<div>Se pudo conocer que la Jornada de Desinfecci\u00f3n se realiz\u00f3 en el CFS Rafael Urdaneta, ubicado en el sector La Isabelica de Valencia, y participaron tres integrantes del Cuerpo de Bomberos local,\u00a0 representantes de la alcald\u00eda de Valencia y los jefes del centro y del CN de Soldadura respectivamente.<\/div>\n<div><\/div>\n<div><\/div>\n<div>En tal sentido, Rosendo Yllarramendi, jefe del CFS Rafael Urdaneta, explic\u00f3 que\u00a0 es necesario el proceso de desinfecci\u00f3n para as\u00ed combatir y romper con las cadenas de contagio que genera el COvid-19, adem\u00e1s\u00a0 de aplicar otras normas de bioseguridad como es lavarse las manos y el uso del tapaboca.<\/div>\n<div><\/div>\n<div><\/div>\n<div>Yllarramendi destac\u00f3 que ambas instituciones, ubicadas una al lado de la otra, fueron en su totalidad desinfectadas y asi con el nuevo lineamiento de impartir a los participantes y aprendices las debidas asesor\u00edas o encuentros pedag\u00f3gicos.<\/div>\n<\/div>\n<p>&nbsp;<\/p>\n","protected":false},"excerpt":{"rendered":"<p>** La actividad de limpieza tambi\u00e9n se llev\u00f3 a cabo en el CN de Soldadura y cont\u00f3 con el apoyo de la alcald\u00eda de Valencia<\/p>\n","protected":false},"author":4,"featured_media":34542,"comment_status":"closed","ping_status":"closed","sticky":false,"template":"","format":"standard","meta":{"footnotes":""},"categories":[2],"tags":[],"class_list":["post-35951","post","type-post","status-publish","format-standard","has-post-thumbnail","hentry","category-blog"],"_links":{"self":[{"href":"https:\/\/inces.gob.ve\/index.php\/wp-json\/wp\/v2\/posts\/35951","targetHints":{"allow":["GET"]}}],"collection":[{"href":"https:\/\/inces.gob.ve\/index.php\/wp-json\/wp\/v2\/posts"}],"about":[{"href":"https:\/\/inces.gob.ve\/index.php\/wp-json\/wp\/v2\/types\/post"}],"author":[{"embeddable":true,"href":"https:\/\/inces.gob.ve\/index.php\/wp-json\/wp\/v2\/users\/4"}],"replies":[{"embeddable":true,"href":"https:\/\/inces.gob.ve\/index.php\/wp-json\/wp\/v2\/comments?post=35951"}],"version-history":[{"count":1,"href":"https:\/\/inces.gob.ve\/index.php\/wp-json\/wp\/v2\/posts\/35951\/revisions"}],"predecessor-version":[{"id":35952,"href":"https:\/\/inces.gob.ve\/index.php\/wp-json\/wp\/v2\/posts\/35951\/revisions\/35952"}],"wp:featuredmedia":[{"embeddable":true,"href":"https:\/\/inces.gob.ve\/index.php\/wp-json\/wp\/v2\/media\/34542"}],"wp:attachment":[{"href":"https:\/\/inces.gob.ve\/index.php\/wp-json\/wp\/v2\/media?parent=35951"}],"wp:term":[{"taxonomy":"category","embeddable":true,"href":"https:\/\/inces.gob.ve\/index.php\/wp-json\/wp\/v2\/categories?post=35951"},{"taxonomy":"post_tag","embeddable":true,"href":"https:\/\/inces.gob.ve\/index.php\/wp-json\/wp\/v2\/tags?post=35951"}],"curies":[{"name":"wp","href":"https:\/\/api.w.org\/{rel}","templated":true}]}}