{"id":35953,"date":"2020-10-09T14:59:56","date_gmt":"2020-10-09T18:59:56","guid":{"rendered":"https:\/\/inces.gob.ve\/?p=35953"},"modified":"2020-10-09T15:12:27","modified_gmt":"2020-10-09T19:12:27","slug":"inces-celebra-4563-anos-de-la-ciudad-portatil","status":"publish","type":"post","link":"https:\/\/inces.gob.ve\/index.php\/2020\/10\/09\/inces-celebra-4563-anos-de-la-ciudad-portatil\/","title":{"rendered":"TRUJILLO | Inces celebra 463 a\u00f1os de la \u00abCiudad Port\u00e1til\u00bb"},"content":{"rendered":"<p style=\"text-align: justify;\">Este 9 de octubre la\u00a0 capital del estado Trujillo celebra 463 a\u00f1os de fundada por Diego Garc\u00eda de Paredes, hecho que registra la historia local como un acontecimiento de relevancia para los nativos, entre otras cosas, por ser la ciudad donde nuestro Libertador Sim\u00f3n Bol\u00edvard eclar\u00f3 la \u201cGuerra a Muerte\u00bb el 15 de junio de 1813, y adem\u00e1s se firm\u00f3 el Tratado de Armisticio y Regularizaci\u00f3n de la Guerra en 1820.<!--more--><\/p>\n<p><strong>MAR\u00cdA CABRERA<\/strong><\/p>\n<p style=\"text-align: justify;\">Trujillo es la \u00fanica ciudad de Venezuela que ha mudado su capital\u00a0 siete veces, producto de acontecimientos de orden natural y social, raz\u00f3n por la cual le vali\u00f3 el apodo de \u201cLa Ciudad Port\u00e1til\u201d.<\/p>\n<p style=\"text-align: justify;\">En este a\u00f1o 2020, caracterizado por la presencia del COVID-19, por fortuna, el estado registra pocas v\u00edctimas a la fecha, no obstante las autoridades y en especial el Instituto Nacional de Capacitaci\u00f3n y Educaci\u00f3n Socialista se mantiene atento. Dado su car\u00e1cter de ente formador y educativo le ha tocado contribuir con las autoridades, a trav\u00e9s de sus brigadas productivas textiles, en el dise\u00f1o de vestuario para los kit quir\u00fargicos en los que el Inces Trujillo se anota otro triunfo.<\/p>\n<p style=\"text-align: justify;\">Desde el inicio de la declaraci\u00f3n de cuarentena por el gobierno nacional Inces Trujillo se mantiene trabajando arduamente para contribuir con los miembros del sector salud en minimizar el impacto del virus, aspecto que es objeto de admiraci\u00f3n y debate entre la comunidad, que pese al bloqueo internacional del que es objeto la naci\u00f3n, se mantiene operativa ayudando a las mayor\u00edas.<\/p>\n<p style=\"text-align: justify;\">Precisamente, este a\u00f1o y este mes de octubre tiene un sabor especial, pues como se sabe se celebrar\u00e1 la exaltaci\u00f3n a los altares del doctor \u201cJos\u00e9 Gregorio Hern\u00e1ndez\u201d , adem\u00e1s de ser este mes de festejo de su nacimiento, ocasi\u00f3n en la que los trujillanos desde ya se prepararan junto a la religiosidad para darle la importancia debido junto al Gobernador del estado por Henry Rangel Silva.<\/p>\n<p style=\"text-align: justify;\">Aun cuando se desconocen los pormenores de los actos por este onom\u00e1stico, desde ya el Inces Trujillo en compa\u00f1\u00eda de sus trabajadores, celebra estos 463 a\u00f1os de \u201cLa Ciudad Port\u00e1til\u201d apostando al triunfo de su poblaci\u00f3n que con valent\u00eda asume este dif\u00edcil momento de pandemia, convencidos que cuenta con un aliado valioso y de peso.<\/p>\n","protected":false},"excerpt":{"rendered":"<p>Este 9 de octubre la\u00a0 capital del estado Trujillo celebra 463 a\u00f1os de fundada por Diego Garc\u00eda de Paredes, hecho que registra la historia local como un acontecimiento de relevancia para los nativos, entre otras cosas, por ser la ciudad donde nuestro Libertador Sim\u00f3n Bol\u00edvard eclar\u00f3 la \u201cGuerra a Muerte\u00bb el 15 de junio de [&hellip;]<\/p>\n","protected":false},"author":4,"featured_media":35954,"comment_status":"closed","ping_status":"closed","sticky":false,"template":"","format":"standard","meta":{"footnotes":""},"categories":[2],"tags":[],"class_list":["post-35953","post","type-post","status-publish","format-standard","has-post-thumbnail","hentry","category-blog"],"_links":{"self":[{"href":"https:\/\/inces.gob.ve\/index.php\/wp-json\/wp\/v2\/posts\/35953","targetHints":{"allow":["GET"]}}],"collection":[{"href":"https:\/\/inces.gob.ve\/index.php\/wp-json\/wp\/v2\/posts"}],"about":[{"href":"https:\/\/inces.gob.ve\/index.php\/wp-json\/wp\/v2\/types\/post"}],"author":[{"embeddable":true,"href":"https:\/\/inces.gob.ve\/index.php\/wp-json\/wp\/v2\/users\/4"}],"replies":[{"embeddable":true,"href":"https:\/\/inces.gob.ve\/index.php\/wp-json\/wp\/v2\/comments?post=35953"}],"version-history":[{"count":3,"href":"https:\/\/inces.gob.ve\/index.php\/wp-json\/wp\/v2\/posts\/35953\/revisions"}],"predecessor-version":[{"id":35960,"href":"https:\/\/inces.gob.ve\/index.php\/wp-json\/wp\/v2\/posts\/35953\/revisions\/35960"}],"wp:featuredmedia":[{"embeddable":true,"href":"https:\/\/inces.gob.ve\/index.php\/wp-json\/wp\/v2\/media\/35954"}],"wp:attachment":[{"href":"https:\/\/inces.gob.ve\/index.php\/wp-json\/wp\/v2\/media?parent=35953"}],"wp:term":[{"taxonomy":"category","embeddable":true,"href":"https:\/\/inces.gob.ve\/index.php\/wp-json\/wp\/v2\/categories?post=35953"},{"taxonomy":"post_tag","embeddable":true,"href":"https:\/\/inces.gob.ve\/index.php\/wp-json\/wp\/v2\/tags?post=35953"}],"curies":[{"name":"wp","href":"https:\/\/api.w.org\/{rel}","templated":true}]}}