{"id":35957,"date":"2020-10-09T15:11:36","date_gmt":"2020-10-09T19:11:36","guid":{"rendered":"https:\/\/inces.gob.ve\/?p=35957"},"modified":"2020-10-09T15:11:36","modified_gmt":"2020-10-09T19:11:36","slug":"lara-comenzaron-los-trabajos-de-desinfeccion-de-los-espacios-formativos-del-inces","status":"publish","type":"post","link":"https:\/\/inces.gob.ve\/index.php\/2020\/10\/09\/lara-comenzaron-los-trabajos-de-desinfeccion-de-los-espacios-formativos-del-inces\/","title":{"rendered":"LARA | Comenzaron los trabajos de desinfecci\u00f3n de los espacios formativos del Inces"},"content":{"rendered":"<p align=\"left\"><em><strong>** La instituci\u00f3n cuenta con el apoyo de otros entes gubernamentales<\/strong><\/em><!--more--><\/p>\n<p align=\"left\"><strong>DANNYS MORILLO<\/strong><\/p>\n<p align=\"left\">En el marco de la Misi\u00f3n Venezuela Bella y gracias a la articulaci\u00f3n y el trabajo mancomunado de la Gerencia Regional y la Divisi\u00f3n de Infraestructura Inces Lara, se hizo posible una gran jornada de desinfecci\u00f3n y limpieza en los centros de formaci\u00f3n socialista Jos\u00e9 Pio Tamayo y Jes\u00fas \u201cGordo\u201d P\u00e1ez.<\/p>\n<p align=\"left\">\n<p align=\"left\">En un gran despliegue y accionar efectivo, y con el apoyo del coordinador estadal de la Gran Misi\u00f3n Barrio Nuevo Barrio Tricolor, el ingeniero H\u00e9ctor Bastidas, en esta vig\u00e9sima sexta jornada desarrollada en el estado Lara, el Inces se vio beneficiado.<\/p>\n<p align=\"left\">\n<p align=\"left\">Asimismo, Bomberos y Protecci\u00f3n Civil del estado Lara se sumaron junto a la Secretar\u00eda General de Gobierno, con la presencia del vicealmirante Adolfo Pereira, quien grab\u00f3 un micro para ser mostrado en pase televisado con el presidente Nicol\u00e1s Maduro y compartirlo con el pueblo venezolano.<\/p>\n<p align=\"left\">\n<p align=\"left\">Esta actividad tambi\u00e9n cont\u00f3 con la participaci\u00f3n del coordinador regional del Ministerio de Obras Publicas del estado Lara, licenciado Jes\u00fas Ereu, con quien se acord\u00f3 realizar una jornada de embellecimiento de las instalaciones, la cual consiste en la poda de \u00e1rboles, desmalezamiento general, limpieza y bote de escombros que ser\u00e1 ejecutada en la semana de flexibilizaci\u00f3n del 19 al 25 de octubre del 2020.<\/p>\n<p align=\"left\">\n<p align=\"left\">Junto al gobierno de Lara y a las Brigadas Constructivas se tiene previsto limpiar todos los centros de formaci\u00f3n. Se trata de un trabajo colectivo y de conciencia, donde tambi\u00e9n la empresa prestadora de serviciode mantenimiento apoy\u00f3 y seguir\u00e1 haci\u00e9ndose eco del lema \u00abJuntos es posible\u00bb.<\/p>\n<p align=\"left\">\n<p align=\"left\">\n","protected":false},"excerpt":{"rendered":"<p>** La instituci\u00f3n cuenta con el apoyo de otros entes gubernamentales<\/p>\n","protected":false},"author":4,"featured_media":35958,"comment_status":"closed","ping_status":"closed","sticky":false,"template":"","format":"standard","meta":{"footnotes":""},"categories":[2],"tags":[],"class_list":["post-35957","post","type-post","status-publish","format-standard","has-post-thumbnail","hentry","category-blog"],"_links":{"self":[{"href":"https:\/\/inces.gob.ve\/index.php\/wp-json\/wp\/v2\/posts\/35957","targetHints":{"allow":["GET"]}}],"collection":[{"href":"https:\/\/inces.gob.ve\/index.php\/wp-json\/wp\/v2\/posts"}],"about":[{"href":"https:\/\/inces.gob.ve\/index.php\/wp-json\/wp\/v2\/types\/post"}],"author":[{"embeddable":true,"href":"https:\/\/inces.gob.ve\/index.php\/wp-json\/wp\/v2\/users\/4"}],"replies":[{"embeddable":true,"href":"https:\/\/inces.gob.ve\/index.php\/wp-json\/wp\/v2\/comments?post=35957"}],"version-history":[{"count":1,"href":"https:\/\/inces.gob.ve\/index.php\/wp-json\/wp\/v2\/posts\/35957\/revisions"}],"predecessor-version":[{"id":35959,"href":"https:\/\/inces.gob.ve\/index.php\/wp-json\/wp\/v2\/posts\/35957\/revisions\/35959"}],"wp:featuredmedia":[{"embeddable":true,"href":"https:\/\/inces.gob.ve\/index.php\/wp-json\/wp\/v2\/media\/35958"}],"wp:attachment":[{"href":"https:\/\/inces.gob.ve\/index.php\/wp-json\/wp\/v2\/media?parent=35957"}],"wp:term":[{"taxonomy":"category","embeddable":true,"href":"https:\/\/inces.gob.ve\/index.php\/wp-json\/wp\/v2\/categories?post=35957"},{"taxonomy":"post_tag","embeddable":true,"href":"https:\/\/inces.gob.ve\/index.php\/wp-json\/wp\/v2\/tags?post=35957"}],"curies":[{"name":"wp","href":"https:\/\/api.w.org\/{rel}","templated":true}]}}