{"id":35995,"date":"2020-10-13T16:47:10","date_gmt":"2020-10-13T20:47:10","guid":{"rendered":"https:\/\/inces.gob.ve\/?p=35995"},"modified":"2020-10-13T16:47:10","modified_gmt":"2020-10-13T20:47:10","slug":"carabobo-el-inces-y-la-unidad-educativa-hipolito-cisneros-recuperan-espacios-educativos","status":"publish","type":"post","link":"https:\/\/inces.gob.ve\/index.php\/2020\/10\/13\/carabobo-el-inces-y-la-unidad-educativa-hipolito-cisneros-recuperan-espacios-educativos\/","title":{"rendered":"CARABOBO | El Inces y la Unidad Educativa Hip\u00f3lito Cisneros recuperan espacios educativos"},"content":{"rendered":"<p align=\"justify\"><span style=\"font-family: Times New Roman, serif;\"><span style=\"font-size: medium;\"><i><b>** La actividad se llev\u00f3 a cabo en el municipio San Diego de Carabobo y forma parte del plan Regreso a Clases, del programa \u201cUna gota de amor para tu escuela\u201d<\/b><\/i><\/span><\/span><!--more--><\/p>\n<p align=\"justify\"><span style=\"font-family: Times New Roman, serif;\"><span style=\"font-size: medium;\"><b>ATILIA CORTEZ <\/b><\/span><\/span><\/p>\n<p align=\"justify\"><span style=\"font-family: Times New Roman, serif;\"><span style=\"font-size: medium;\">Cumpliendo las orientaciones del Ministerio de Educaci\u00f3n, se llev\u00f3 a cabo desde el centro de formaci\u00f3n socialista (CFS) Bicentenario, en articulaci\u00f3n con la Unidad Educativa Hip\u00f3lito Cisneros, la recuperaci\u00f3n de 30 mesas sillas y 2 portones.<\/span><\/span><\/p>\n<p align=\"justify\">\n<p align=\"justify\"><span style=\"font-family: Times New Roman, serif;\"><span style=\"font-size: medium;\">Jos\u00e9 Daniel Romero, jefe del CFS Bicentenario, explic\u00f3 que \u201ccumpliendo con las orientaciones emanadas por el Ministerio de Educaci\u00f3n y nuestro ministro Arist\u00f3bulo Ist\u00fariz, nosotros desde el Inces Carabobo nos apegamos al plan Regreso a Clases en el marco del programa \u201cUna gota de amor para tu escuela en resistencia\u201d. <\/span><\/span><\/p>\n<p align=\"justify\">\n<p align=\"justify\"><span style=\"font-family: Times New Roman, serif;\"><span style=\"font-size: medium;\">Romero acot\u00f3 que \u201cel tema de la movilizaci\u00f3n ha estado dif\u00edcil, producto de la pandemia. Nuestros maestros se ven limitados para poder trasladarse al CFS y aprovechando que en el punto y c\u00edrculo del CFS Bicentenario tenemos varios municipios, hicimos varias articulaciones\u201d.<\/span><\/span><\/p>\n<p align=\"justify\">\n<p align=\"justify\">\u201c<span style=\"font-family: Times New Roman, serif;\"><span style=\"font-size: medium;\">Como es el caso del municipio San Diego, donde residen varios de nuestros maestros. Ah\u00ed decidimos llevar un acci\u00f3n en conjunto que implicaba llevar las formaciones del Inces a las escuelas y ayudarlos a recuperar sus mesas sillas\u201d.<\/span><\/span><\/p>\n<p align=\"justify\">\n<p align=\"justify\"><span style=\"font-family: Times New Roman, serif;\"><span style=\"font-size: medium;\">El jefe del CFS Bicentenario detall\u00f3 que \u201ctomando en cuenta la fortaleza de las buenas relaciones y articulaciones con su director, liderizada por el profesor Manuel Silva, fue posible esta actividad, adem\u00e1s del apoyo de los maestros Inces \u201d.<\/span><\/span><\/p>\n<style type=\"text\/css\">\n\t\tp { margin-bottom: 0.25cm; direction: ltr; color: #000000; line-height: 120%; orphans: 2; widows: 2 }\n\t\tp.western { font-family: \"Calibri\", sans-serif; font-size: 11pt; so-language: es-ES }\n\t\tp.cjk { font-family: \"Calibri\", sans-serif; font-size: 11pt; so-language: zh-CN }\n\t\tp.ctl { font-family: \"Times New Roman\", serif; font-size: 11pt; so-language: ar-SA }\n\t\ta:link { so-language: zxx }<\/style>\n","protected":false},"excerpt":{"rendered":"<p>** La actividad se llev\u00f3 a cabo en el municipio San Diego de Carabobo y forma parte del plan Regreso a Clases, del programa \u201cUna gota de amor para tu escuela\u201d<\/p>\n","protected":false},"author":4,"featured_media":35996,"comment_status":"closed","ping_status":"closed","sticky":false,"template":"","format":"standard","meta":{"footnotes":""},"categories":[2],"tags":[],"class_list":["post-35995","post","type-post","status-publish","format-standard","has-post-thumbnail","hentry","category-blog"],"_links":{"self":[{"href":"https:\/\/inces.gob.ve\/index.php\/wp-json\/wp\/v2\/posts\/35995","targetHints":{"allow":["GET"]}}],"collection":[{"href":"https:\/\/inces.gob.ve\/index.php\/wp-json\/wp\/v2\/posts"}],"about":[{"href":"https:\/\/inces.gob.ve\/index.php\/wp-json\/wp\/v2\/types\/post"}],"author":[{"embeddable":true,"href":"https:\/\/inces.gob.ve\/index.php\/wp-json\/wp\/v2\/users\/4"}],"replies":[{"embeddable":true,"href":"https:\/\/inces.gob.ve\/index.php\/wp-json\/wp\/v2\/comments?post=35995"}],"version-history":[{"count":1,"href":"https:\/\/inces.gob.ve\/index.php\/wp-json\/wp\/v2\/posts\/35995\/revisions"}],"predecessor-version":[{"id":35997,"href":"https:\/\/inces.gob.ve\/index.php\/wp-json\/wp\/v2\/posts\/35995\/revisions\/35997"}],"wp:featuredmedia":[{"embeddable":true,"href":"https:\/\/inces.gob.ve\/index.php\/wp-json\/wp\/v2\/media\/35996"}],"wp:attachment":[{"href":"https:\/\/inces.gob.ve\/index.php\/wp-json\/wp\/v2\/media?parent=35995"}],"wp:term":[{"taxonomy":"category","embeddable":true,"href":"https:\/\/inces.gob.ve\/index.php\/wp-json\/wp\/v2\/categories?post=35995"},{"taxonomy":"post_tag","embeddable":true,"href":"https:\/\/inces.gob.ve\/index.php\/wp-json\/wp\/v2\/tags?post=35995"}],"curies":[{"name":"wp","href":"https:\/\/api.w.org\/{rel}","templated":true}]}}