{"id":35998,"date":"2020-10-13T19:51:32","date_gmt":"2020-10-13T23:51:32","guid":{"rendered":"https:\/\/inces.gob.ve\/?p=35998"},"modified":"2020-10-13T19:51:32","modified_gmt":"2020-10-13T23:51:32","slug":"delta-amacuro-como-emprender-el-inces-delta-amacuro-te-brinda-la-opcion-de-formarte-en-el-area-textil","status":"publish","type":"post","link":"https:\/\/inces.gob.ve\/index.php\/2020\/10\/13\/delta-amacuro-como-emprender-el-inces-delta-amacuro-te-brinda-la-opcion-de-formarte-en-el-area-textil\/","title":{"rendered":"DELTA AMACURO| \u00bfC\u00f3mo emprender? El Inces delta amacuro te brinda la opci\u00f3n de formarte en el \u00e1rea textil"},"content":{"rendered":"<p class=\"western\" lang=\"es-ES\" align=\"justify\">\u201c<span style=\"font-family: Arial, serif;\"><span style=\"font-size: medium;\"><i><b>E<\/b><\/i><\/span><\/span><span style=\"font-family: Arial, serif;\"><span style=\"font-size: medium;\"><i><b>l objetivo de esta formaci\u00f3n es avanzar en medio de las consecuencias, limitaciones y adversidades que ha originado esta pandemia\u2026\u201d Marys Coll <\/b><\/i><\/span><\/span><!--more--><\/p>\n<p lang=\"es-ES\" align=\"justify\">\n<p class=\"western\" lang=\"es-ES\" align=\"justify\"><span style=\"color: #000000;\"><span style=\"font-family: Arial, serif;\"><span style=\"font-size: medium;\"><b>TITO Y\u00c1NEZ<\/b><\/span><\/span><\/span><\/p>\n<p class=\"western\" lang=\"es-ES\" align=\"justify\"><span style=\"font-family: Arial, serif;\"><span style=\"font-size: medium;\">El Instituto Nacional de Capacitaci\u00f3n y Educaci\u00f3n Socialista (Inces) en Delta Amacuro contin\u00faa la formaci\u00f3n en las comunidades a trav\u00e9s del <\/span><\/span><span style=\"font-family: Arial, serif;\"><span style=\"font-size: medium;\">c<\/span><\/span><span style=\"font-family: Arial, serif;\"><span style=\"font-size: medium;\">urso Elaboraci\u00f3n de Ropa \u00cdntima, <\/span><\/span><span style=\"font-family: Arial, serif;\"><span style=\"font-size: medium;\">dictado <\/span><\/span><span style=\"font-family: Arial, serif;\"><span style=\"font-size: medium;\">a <\/span><\/span><span style=\"font-family: Arial, serif;\"><span style=\"font-size: medium;\">siete<\/span><\/span><span style=\"font-family: Arial, serif;\"><span style=\"font-size: medium;\"> mujeres, a pesar de la realidad que afronta el mundo y el pa\u00eds por el virus COVID-19, en la comunidad de Deltaven, <\/span><\/span><span style=\"font-family: Arial, serif;\"><span style=\"font-size: medium;\">m<\/span><\/span><span style=\"font-family: Arial, serif;\"><span style=\"font-size: medium;\">unicipio Tucupita.<\/span><\/span><\/p>\n<p lang=\"es-ES\" align=\"justify\">\n<p class=\"western\" lang=\"es-ES\" align=\"justify\"><span style=\"font-family: Arial, serif;\"><span style=\"font-size: medium;\">Estas emprendedoras, a las cuales el Inces les acreditar\u00e1 su aprendizaje, ser\u00e1n instruidas durante 186 horas por la maestr<\/span><\/span><span style=\"font-family: Arial, serif;\"><span style=\"font-size: medium;\">a<\/span><\/span><span style=\"font-family: Arial, serif;\"><span style=\"font-size: medium;\"> t\u00e9cnic<\/span><\/span><span style=\"font-family: Arial, serif;\"><span style=\"font-size: medium;\">a<\/span><\/span><span style=\"font-family: Arial, serif;\"><span style=\"font-size: medium;\"> productiv<\/span><\/span><span style=\"font-family: Arial, serif;\"><span style=\"font-size: medium;\">a<\/span><\/span><span style=\"font-family: Arial, serif;\"><span style=\"font-size: medium;\"> (MTP) Mariannys Ramos. Durante ese tiempo elaborar<\/span><\/span><span style=\"font-family: Arial, serif;\"><span style=\"font-size: medium;\">\u00e1<\/span><\/span><span style=\"font-family: Arial, serif;\"><span style=\"font-size: medium;\">n distintas piezas de ropa \u00edntima. Es importante destacar que la formaci\u00f3n profesional se lleva acabo cumpliendo las medidas sanitarias de mantener la distancia prudente y el uso de sus respectivos tapabocas. <\/span><\/span><\/p>\n<p lang=\"es-ES\" align=\"justify\">\n<p class=\"western\" lang=\"es-ES\" align=\"justify\"><span style=\"font-family: Arial, serif;\"><span style=\"font-size: medium;\">Ramos explic\u00f3 que entre los temas abordados se encuentran el ense\u00f1ar las generalidades de corte y confecci\u00f3n, costura en la confecci\u00f3n de ropa \u00edntima, confecci\u00f3n de pijamas y dormilonas, confecci\u00f3n de panty, confecci\u00f3n de interiores, confecci\u00f3n de brassier, confecci\u00f3n de bodies \u00edntimos, confecci\u00f3n de batas de casa, entre otros temas relacionados a la formaci\u00f3n.<\/span><\/span><\/p>\n<p lang=\"es-ES\" align=\"justify\">\n<p class=\"western\" lang=\"es-ES\" align=\"justify\"><span style=\"font-family: Arial, serif;\"><span style=\"font-size: medium;\">La <\/span><\/span><span style=\"font-family: Arial, serif;\"><span style=\"font-size: medium;\">j<\/span><\/span><span style=\"font-family: Arial, serif;\"><span style=\"font-size: medium;\">efa de Formaci\u00f3n Profesional, Marys Coll, expres\u00f3 que el objetivo de esta formaci\u00f3n es el de avanzar en medio de las consecuencias, limitaciones y adversidades que ha originado esta pandemia. <\/span><\/span><span style=\"font-family: Arial, serif;\"><span style=\"font-size: medium;\">As<\/span><\/span><span style=\"font-family: Arial, serif;\"><span style=\"font-size: medium;\">imismo, que la formaci\u00f3n sea un mecanismo de producir en estos tiempos dif\u00edciles <\/span><\/span><span style=\"font-family: Arial, serif;\"><span style=\"font-size: medium;\">y<\/span><\/span><span style=\"font-family: Arial, serif;\"><span style=\"font-size: medium;\"> que sea un modo de superar el aislamiento a trav\u00e9s de actividades productivas que traen beneficios personales al igual que colectivos\u201d. <\/span><\/span><\/p>\n<p lang=\"es-ES\" align=\"justify\">\n<p class=\"western\" lang=\"es-ES\" align=\"justify\"><span style=\"font-family: Arial, serif;\"><span style=\"font-size: medium;\">Coll inform\u00f3 que la formaci\u00f3n se desarrolla en peque\u00f1os grupos de compa\u00f1eras, por no contar con los medios tecnol\u00f3gicos necesarios, por lo que se re\u00fanen ocasionalmente las participantes para compartir saberes, materiales y estar al d\u00eda con los avances de la formaci\u00f3n, exigiendo las medidas sanitarias establecidas. <\/span><\/span><span style=\"font-family: Arial, serif;\"><span style=\"font-size: medium;\">F<\/span><\/span><span style=\"font-family: Arial, serif;\"><span style=\"font-size: medium;\">inaliz\u00f3 reconociendo el inter\u00e9s en seguir adelante y lograr el objetivo planteado de prepararse en el oficio por parte de las participantes del curso.<\/span><\/span><\/p>\n<p lang=\"es-ES\" align=\"justify\">\n<p class=\"western\" lang=\"es-ES\" align=\"justify\"><span style=\"font-family: Arial, serif;\"><span style=\"font-size: medium;\">La gerente regional, Osmarglis Mart\u00ednez, precis\u00f3 que desde la Divisi\u00f3n de Formaci\u00f3n Profesional se contribuye al fortalecimiento y crecimiento profesional de las mujeres productivas del estado, ejecutando los procesos t\u00e9cnicos establecidos, utilizando adecuadamente herramientas, siguiendo los est\u00e1ndares de calidad esperados y cumpliendo con las normas de seguridad e higiene propias del \u00e1rea.<\/span><\/span><\/p>\n<p class=\"western\" lang=\"es-ES\" align=\"justify\">\n<p class=\"western\" lang=\"es-ES\"><span style=\"font-family: Arial, serif;\"><span style=\"font-size: medium;\"><b>Ent\u00e9rate de toda la informaci\u00f3n Inces Delta Amacuro a trav\u00e9s de nuestras Redes Sociales: <\/b><\/span><\/span><\/p>\n<p class=\"western\" lang=\"es-ES\"><span style=\"font-family: Arial, serif;\"><span style=\"font-size: medium;\">Twitter: https:\/\/twitter.com\/DeltaInces<\/span><\/span><\/p>\n<p class=\"western\" lang=\"es-ES\"><span style=\"font-family: Arial, serif;\"><span style=\"font-size: medium;\">Facebook: IncesDelta Amacuro<\/span><\/span><\/p>\n<p class=\"western\" lang=\"es-ES\"><span style=\"font-family: Arial, serif;\"><span style=\"font-size: medium;\">Fans Page: Inces Delta Amacuro<\/span><\/span><\/p>\n<p class=\"western\" lang=\"es-ES\"><span style=\"font-family: Arial, serif;\"><span style=\"font-size: medium;\">Telegram: https:\/\/t.me\/deltainces<\/span><\/span><\/p>\n<p class=\"western\" lang=\"es-ES\"><span style=\"font-family: Arial, serif;\"><span style=\"font-size: medium;\"><span lang=\"en-US\">Intagram: @deltainces1<\/span><\/span><\/span><\/p>\n<p class=\"western\" lang=\"es-ES\"><span style=\"font-family: Arial, serif;\"><span style=\"font-size: medium;\"><span lang=\"en-US\">Blog: <\/span><\/span><\/span><a href=\"http:\/\/blogdltamacuro.inces.gob.ve\/\"><span style=\"color: #000000;\"><span style=\"font-family: Arial, serif;\"><span style=\"font-size: medium;\"><span lang=\"en-US\">http:\/\/blogdltamacuro.inces.gob.ve\/<\/span><\/span><\/span><\/span><\/a><\/p>\n<p class=\"western\" lang=\"es-ES\"><span style=\"font-family: Arial, serif;\"><span style=\"font-size: medium;\">Tik Tok: DeltaInces<\/span><\/span><\/p>\n<p class=\"western\" lang=\"es-ES\" align=\"justify\"><span style=\"font-family: Arial, serif;\"><span style=\"font-size: medium;\"><b>#Formaci\u00f3nIncesEnCasa #SomosIncesDelta #CreemosEnTI #QuedateEnCasa<\/b><\/span><\/span><\/p>\n<p class=\"western\" lang=\"es-ES\">\n","protected":false},"excerpt":{"rendered":"<p>\u201cEl objetivo de esta formaci\u00f3n es avanzar en medio de las consecuencias, limitaciones y adversidades que ha originado esta pandemia\u2026\u201d Marys Coll<\/p>\n","protected":false},"author":4,"featured_media":35999,"comment_status":"closed","ping_status":"closed","sticky":false,"template":"","format":"standard","meta":{"footnotes":""},"categories":[2],"tags":[],"class_list":["post-35998","post","type-post","status-publish","format-standard","has-post-thumbnail","hentry","category-blog"],"_links":{"self":[{"href":"https:\/\/inces.gob.ve\/index.php\/wp-json\/wp\/v2\/posts\/35998","targetHints":{"allow":["GET"]}}],"collection":[{"href":"https:\/\/inces.gob.ve\/index.php\/wp-json\/wp\/v2\/posts"}],"about":[{"href":"https:\/\/inces.gob.ve\/index.php\/wp-json\/wp\/v2\/types\/post"}],"author":[{"embeddable":true,"href":"https:\/\/inces.gob.ve\/index.php\/wp-json\/wp\/v2\/users\/4"}],"replies":[{"embeddable":true,"href":"https:\/\/inces.gob.ve\/index.php\/wp-json\/wp\/v2\/comments?post=35998"}],"version-history":[{"count":1,"href":"https:\/\/inces.gob.ve\/index.php\/wp-json\/wp\/v2\/posts\/35998\/revisions"}],"predecessor-version":[{"id":36000,"href":"https:\/\/inces.gob.ve\/index.php\/wp-json\/wp\/v2\/posts\/35998\/revisions\/36000"}],"wp:featuredmedia":[{"embeddable":true,"href":"https:\/\/inces.gob.ve\/index.php\/wp-json\/wp\/v2\/media\/35999"}],"wp:attachment":[{"href":"https:\/\/inces.gob.ve\/index.php\/wp-json\/wp\/v2\/media?parent=35998"}],"wp:term":[{"taxonomy":"category","embeddable":true,"href":"https:\/\/inces.gob.ve\/index.php\/wp-json\/wp\/v2\/categories?post=35998"},{"taxonomy":"post_tag","embeddable":true,"href":"https:\/\/inces.gob.ve\/index.php\/wp-json\/wp\/v2\/tags?post=35998"}],"curies":[{"name":"wp","href":"https:\/\/api.w.org\/{rel}","templated":true}]}}