{"id":36004,"date":"2020-10-13T20:29:09","date_gmt":"2020-10-14T00:29:09","guid":{"rendered":"https:\/\/inces.gob.ve\/?p=36004"},"modified":"2020-10-13T20:30:21","modified_gmt":"2020-10-14T00:30:21","slug":"inces-el-inces-participo-en-una-jornada-para-tratar-los-puntos-de-apoyo-pedagogicos-de-formacion","status":"publish","type":"post","link":"https:\/\/inces.gob.ve\/index.php\/2020\/10\/13\/inces-el-inces-participo-en-una-jornada-para-tratar-los-puntos-de-apoyo-pedagogicos-de-formacion\/","title":{"rendered":"Aragua | El Inces particip\u00f3 en una jornada para tratar los Puntos de Apoyo Pedag\u00f3gicos de Formaci\u00f3n"},"content":{"rendered":"<div id=\":ff\" class=\"a3s aXjCH \">\n<div dir=\"ltr\">\n<div class=\"adM\"><em><strong>** \u201cPodemos ofrecer a los participantes una buena combinaci\u00f3n entre herramientas b\u00e1sicas y avanzadas para cumplir con las tareas te\u00f3ricas y pr\u00e1cticas\u00bb<\/strong><\/em><\/div>\n<\/div>\n<\/div>\n<p><!--more--><\/p>\n<p align=\"center\">\n<div id=\":ff\" class=\"a3s aXjCH \">\n<div dir=\"ltr\">\n<p align=\"justify\"><span style=\"font-family: ARial, sans-serif;\"><span><b><span style=\"color: #3d3d3d;\">NINOSKA PATRIZ | ARAGUA<\/span><\/b><\/span><\/span><\/p>\n<p align=\"justify\"><span style=\"font-family: ARial, sans-serif;\"><span><span style=\"color: #3d3d3d;\">Desde diferentes plataformas tecnol\u00f3gicas, maestros, maestras, jefes de Centro, personal administrativo y la gerente regional, Maxorisol Cumare, todos del Inces Aragua, participaron en una jornada de teletrabajo junto al presidente del Inces,&nbsp; Wuikelman \u00c1ngel Paredes. En este sentido, se destac\u00f3 la importancia de garantizar la continuidad de los procesos formativos de los participantes desde la Casa. Adem\u00e1s, se resalt\u00f3 la importancia del acompa\u00f1amiento y asesor\u00eda en los puntos de apoyo pedag\u00f3gico.<\/span><\/span><\/span><\/p>\n<p align=\"justify\">\n<p align=\"justify\"><span style=\"font-family: ARial, sans-serif;\"><span><span style=\"color: #3d3d3d;\">En la reuni\u00f3n se pudo conocer que, con base en la Ejecuci\u00f3n del Plan de Formaci\u00f3n y Autoformaci\u00f3n Productiva Inces 2020, y en el marco de los procesos de inclusi\u00f3n y protecci\u00f3n social del pueblo como pol\u00edtica del Estado y del Gobierno Bolivariano, se procesar\u00e1 una plataforma virtual para el mejoramiento y avance de las formaciones. Al respecto, la gerente Cumare destac\u00f3 que: \u201cHoy m\u00e1s que nunca demostramos que desde la unidad del pueblo, la convicci\u00f3n y la solidaridad podemos lograr grandes cosas\u201d.<\/span><\/span><\/span><\/p>\n<p align=\"justify\">\n<p align=\"justify\"><span style=\"font-family: ARial, sans-serif;\"><span><span style=\"color: #3d3d3d;\">Desde el mismo punto de vista, la profesora Rosa Torres, jefa del Programa Penitenciario \u201cLuisa C\u00e1ceres de Arismendi\u201d, acot\u00f3: \u201cPodemos ofrecer a los participantes un buena combinaci\u00f3n entre herramientas b\u00e1sicas y avanzadas para cumplir con las tareas te\u00f3ricas y pr\u00e1cticas, sobre todo en estas circunstancias at\u00edpicas en las que asumimos el reto de impulsar la formaci\u00f3n a distancia en todas las \u00e1reas productivas del pa\u00eds\u201d.<\/span><\/span><\/span><\/p>\n<p align=\"justify\">\n<p align=\"justify\"><span style=\"font-family: ARial, sans-serif;\"><span><span style=\"color: #3d3d3d;\">Por su parte, el ingeniero Oliver Medina, jefe de Encadenamiento Productivo, expres\u00f3: \u201cAsumimos con entereza este nuevo reto como parte del proceso productivo e innovaci\u00f3n que se desarrolla en nuestras instituciones\u00bb. D<\/span><span style=\"color: #3d3d3d;\">el mismo modo, la profesora Juan Chirinos, jefa del centro de formaci\u00f3n socialista,&nbsp; Berm\u00fadez, acot\u00f3 que es importante crear las condiciones en los CFS en todo el pa\u00eds, para fortalecer la formaci\u00f3n virtual y semipresencial.<\/span><\/span><\/span><\/p>\n<\/div>\n<\/div>\n","protected":false},"excerpt":{"rendered":"<p>** \u201cPodemos ofrecer a los participantes una buena combinaci\u00f3n entre herramientas b\u00e1sicas y avanzadas para cumplir con las tareas te\u00f3ricas y pr\u00e1cticas\u00bb<\/p>\n","protected":false},"author":4,"featured_media":36005,"comment_status":"closed","ping_status":"closed","sticky":false,"template":"","format":"standard","meta":{"footnotes":""},"categories":[2],"tags":[],"class_list":["post-36004","post","type-post","status-publish","format-standard","has-post-thumbnail","hentry","category-blog"],"_links":{"self":[{"href":"https:\/\/inces.gob.ve\/index.php\/wp-json\/wp\/v2\/posts\/36004","targetHints":{"allow":["GET"]}}],"collection":[{"href":"https:\/\/inces.gob.ve\/index.php\/wp-json\/wp\/v2\/posts"}],"about":[{"href":"https:\/\/inces.gob.ve\/index.php\/wp-json\/wp\/v2\/types\/post"}],"author":[{"embeddable":true,"href":"https:\/\/inces.gob.ve\/index.php\/wp-json\/wp\/v2\/users\/4"}],"replies":[{"embeddable":true,"href":"https:\/\/inces.gob.ve\/index.php\/wp-json\/wp\/v2\/comments?post=36004"}],"version-history":[{"count":2,"href":"https:\/\/inces.gob.ve\/index.php\/wp-json\/wp\/v2\/posts\/36004\/revisions"}],"predecessor-version":[{"id":36007,"href":"https:\/\/inces.gob.ve\/index.php\/wp-json\/wp\/v2\/posts\/36004\/revisions\/36007"}],"wp:featuredmedia":[{"embeddable":true,"href":"https:\/\/inces.gob.ve\/index.php\/wp-json\/wp\/v2\/media\/36005"}],"wp:attachment":[{"href":"https:\/\/inces.gob.ve\/index.php\/wp-json\/wp\/v2\/media?parent=36004"}],"wp:term":[{"taxonomy":"category","embeddable":true,"href":"https:\/\/inces.gob.ve\/index.php\/wp-json\/wp\/v2\/categories?post=36004"},{"taxonomy":"post_tag","embeddable":true,"href":"https:\/\/inces.gob.ve\/index.php\/wp-json\/wp\/v2\/tags?post=36004"}],"curies":[{"name":"wp","href":"https:\/\/api.w.org\/{rel}","templated":true}]}}