{"id":36016,"date":"2020-10-14T12:19:01","date_gmt":"2020-10-14T16:19:01","guid":{"rendered":"https:\/\/inces.gob.ve\/?p=36016"},"modified":"2020-10-14T22:58:16","modified_gmt":"2020-10-15T02:58:16","slug":"aragua-inces-fortalece-el-plan-agricola-sembrando-futuro","status":"publish","type":"post","link":"https:\/\/inces.gob.ve\/index.php\/2020\/10\/14\/aragua-inces-fortalece-el-plan-agricola-sembrando-futuro\/","title":{"rendered":"ARAGUA | Inces fortalece el Plan Agr\u00edcola: sembrando futuro"},"content":{"rendered":"<p style=\"text-align: justify;\" align=\"center\"><strong><em>** En un acto sencillo, pero significativo, 24 nuevos bachilleres de la EPA La Providencia recibieron sus t\u00edtulos<\/em><\/strong><!--more--><\/p>\n<p align=\"center\">\n<p align=\"justify\"><strong>NINOSKA PATRIZ<\/strong><\/p>\n<p align=\"justify\">El Centro de Formaci\u00f3n Socialista (CFS) Escuela Pr\u00e1ctica Agropecuaria (EPA) \u201cLa Providencia\u201d, cuya sede est\u00e1 ubicada en el municipio Mari\u00f1o del estado Aragua, siempre con <span lang=\"es-ES\">conciencia productiva y siguiendo los caminos de Ch\u00e1vez: \u00abProducir para el vivir bien del pueblo\u00bb, <\/span><span lang=\"es-ES\">entreg\u00f3 desde los espacios del Inces Regi\u00f3n Aragua, los t\u00edtulos correspondientes a las promociones 40, 14 y 42 de bachilleres t\u00e9cnicos medios en Agronom\u00eda, <\/span><span lang=\"es-ES\">Ep\u00f3nimo<\/span><span lang=\"es-ES\">: \u201c17 de mayo de 2020, centenario del nacimiento del escritor <\/span><span lang=\"es-ES\">Aquiles<\/span><span lang=\"es-ES\"> Nazoa\u201d.<\/span><\/p>\n<p align=\"justify\">\n<p align=\"justify\"><span lang=\"es-ES\">Por su parte, La jefa de Centro, Mar\u00eda Ang\u00e9lica Adarmis, expres\u00f3: \u201cInvitamos a los j\u00f3venes a formarse con nosotros. Estamos abiertos en nuestra modalidad a distancia y en el proceso de captaci\u00f3n de los nuevos aspirantes para que, en tres a\u00f1os consecutivos, salgan egresados de esta instituci\u00f3n como T\u00e9cnicos Medio. Adem\u00e1s, les ofrecemos otras opciones: cursos m\u00e1s cortos en el \u00e1rea agr\u00edcola-pecuaria, con lapsos de duraci\u00f3n semanales, para el fortalecimiento de su aprendizaje en esta \u00e1rea productiva\u201d.<\/span><\/p>\n<p align=\"justify\">\n<p align=\"justify\"><span lang=\"es-ES\">Del mismo modo destac\u00f3 que: \u201cJunto al pueblo organizado,\u00a0 nos mantenemos cercanos en jornadas de limpieza, adecuaci\u00f3n, siembra y cosecha de nuestros espacios productivos <\/span><span lang=\"es-ES\">y adem\u00e1s contamos con el apoyo del poder popular y\u00a0 los Comit\u00e9s Locales de Abastecimiento y Producci\u00f3n (CLAP) para seguir potenciando la soberan\u00eda alimentaria del pueblo, como lo contempla y manda el proyecto patria y el presidente obrero, Nicol\u00e1s Maduro Moros.<\/span><\/p>\n<p align=\"justify\">\n<p align=\"justify\"><span lang=\"es-ES\">Y destac\u00f3: \u201cDesde el CFS EPA La Providencia seguimos sembrando con semillas de valor para el desarrollo productivo de la Patria. En esta oportunidad los t\u00edtulos fueron recibidos por los representantes para evitar aglomeraciones y cumplir con las medidas preventivas de seguridad contra el COVID-19. Sin embargo, nuestros nuevos 24 bachilleres est\u00e1n capacitados para contrarrestar la guerra econ\u00f3mica de la cual hemos sido objeto todos los venezolanos y aportar sus excelentes conocimientos al mercado productivo de la naci\u00f3n\u201d. <\/span><\/p>\n","protected":false},"excerpt":{"rendered":"<p>** En un acto sencillo, pero significativo, 24 nuevos bachilleres de la EPA La Providencia recibieron sus t\u00edtulos<\/p>\n","protected":false},"author":4,"featured_media":36022,"comment_status":"closed","ping_status":"closed","sticky":false,"template":"","format":"standard","meta":{"footnotes":""},"categories":[2],"tags":[],"class_list":["post-36016","post","type-post","status-publish","format-standard","has-post-thumbnail","hentry","category-blog"],"_links":{"self":[{"href":"https:\/\/inces.gob.ve\/index.php\/wp-json\/wp\/v2\/posts\/36016","targetHints":{"allow":["GET"]}}],"collection":[{"href":"https:\/\/inces.gob.ve\/index.php\/wp-json\/wp\/v2\/posts"}],"about":[{"href":"https:\/\/inces.gob.ve\/index.php\/wp-json\/wp\/v2\/types\/post"}],"author":[{"embeddable":true,"href":"https:\/\/inces.gob.ve\/index.php\/wp-json\/wp\/v2\/users\/4"}],"replies":[{"embeddable":true,"href":"https:\/\/inces.gob.ve\/index.php\/wp-json\/wp\/v2\/comments?post=36016"}],"version-history":[{"count":3,"href":"https:\/\/inces.gob.ve\/index.php\/wp-json\/wp\/v2\/posts\/36016\/revisions"}],"predecessor-version":[{"id":36032,"href":"https:\/\/inces.gob.ve\/index.php\/wp-json\/wp\/v2\/posts\/36016\/revisions\/36032"}],"wp:featuredmedia":[{"embeddable":true,"href":"https:\/\/inces.gob.ve\/index.php\/wp-json\/wp\/v2\/media\/36022"}],"wp:attachment":[{"href":"https:\/\/inces.gob.ve\/index.php\/wp-json\/wp\/v2\/media?parent=36016"}],"wp:term":[{"taxonomy":"category","embeddable":true,"href":"https:\/\/inces.gob.ve\/index.php\/wp-json\/wp\/v2\/categories?post=36016"},{"taxonomy":"post_tag","embeddable":true,"href":"https:\/\/inces.gob.ve\/index.php\/wp-json\/wp\/v2\/tags?post=36016"}],"curies":[{"name":"wp","href":"https:\/\/api.w.org\/{rel}","templated":true}]}}