{"id":36062,"date":"2020-10-23T22:14:45","date_gmt":"2020-10-24T02:14:45","guid":{"rendered":"https:\/\/inces.gob.ve\/?p=36062"},"modified":"2020-10-23T22:14:45","modified_gmt":"2020-10-24T02:14:45","slug":"juana-ramirez-la-avanzadora-simbolo-de-pasion-y-entrega-por-la-causa-libertaria-en-venezuela","status":"publish","type":"post","link":"https:\/\/inces.gob.ve\/index.php\/2020\/10\/23\/juana-ramirez-la-avanzadora-simbolo-de-pasion-y-entrega-por-la-causa-libertaria-en-venezuela\/","title":{"rendered":"Juana Ram\u00edrez \u00a1La Avanzadora! s\u00edmbolo de pasi\u00f3n y entrega por la causa libertaria en Venezuela"},"content":{"rendered":"<p align=\"justify\"><em><b>** El 23 de octubre de 2015 llegan sus restos simb\u00f3licos al Pante\u00f3n Nacional y se convierte en la primera mujer negra en ingresar al mausoleo de Libertadores<\/b><\/em><!--more--><\/p>\n<p align=\"justify\"><b>RODIN BUSTILLOS<\/b><\/p>\n<p align=\"justify\">Juana naci\u00f3 el 12 de enero de 1790, en el poblado Chaguaramal de Municipio Piar, Matur\u00edn, Estado Monagas. Su madre fue una esclava tra\u00edda de \u00c1frica llamada Guadalupe y comprada por la familia Rojas. Se cree que Juana fue hija del general Andr\u00e9s Rojas o de su hermano Jos\u00e9 Francisco Rojas. Aunque cuando naci\u00f3 la esclava fue liberada y criada bajo la tutela de do\u00f1a Teresa Ram\u00edrez de Valderrama, quien la protegi\u00f3 y le dio su apellido. Juana Ram\u00edrez se destac\u00f3 por su pasi\u00f3n patriota, deseo de libertad y entrega de independencia.<\/p>\n<p align=\"justify\">\n<p align=\"justify\">Durante su infancia fue influenciada por distintos eventos como la insurrecci\u00f3n de los esclavizados de Hait\u00ed, el levantamiento Jos\u00e9 Leonardo Chirino y otras peque\u00f1as sublevaciones. A los 15 a\u00f1os ya era mano derecha del General Don Andr\u00e9s Rojas y estaba lista para enfrentar las faenas de la guerra.<\/p>\n<p align=\"justify\">\n<p align=\"justify\">Juana con 20 a\u00f1os se hab\u00eda convertido en una mujer muy alta e impactante que con s\u00f3lo dar la orden los dem\u00e1s obedec\u00edan sin resistencia e infund\u00eda sobre los esclavizados la pasi\u00f3n por la lucha independentista. Luego del 19 de abril de 1810 el progenitor de Juana comenz\u00f3 a luchar por la independencia de Matur\u00edn.<\/p>\n<p align=\"justify\">\n<p align=\"justify\">Ya cautivada por las ideas de libertad, cre\u00f3 junto a su padre un movimiento similar a Los Sin Camisa que se hab\u00eda conformado hac\u00eda un tiempo en Caracas y La Guaira. Sin embargo, la agitaci\u00f3n en aquel territorio comenz\u00f3 a incomodar en la ciudad y el Capit\u00e1n General de Venezuela, Domingo de Monteverde, envi\u00f3 a los Generales Zuazola y De La Hoz para acallar a los activistas. No obstante, los agresores fueron echados de aquellas tierras por esta insigne guerrera quien defendi\u00f3 a la ciudad de Matur\u00edn del ej\u00e9rcito de Domingo Monteverde en 1813, aquel glorioso 25 de mayo.<\/p>\n<p align=\"justify\">\n<p align=\"justify\">Aquel glorioso 25 de mayo cuando logr\u00f3 que un grupo de mujeres se dirigiera hacia el enemigo espa\u00f1ol, y con enfrentaran con gran valent\u00eda a los realistas que cayeron vencidos.<\/p>\n<p align=\"justify\">\n<p align=\"justify\">A alcanzarse la independizarse Venezuela, Juana se estableci\u00f3 en Guacharacas (hoy San Vicente), en el estado Monagas, donde form\u00f3 una peque\u00f1a familia con sus cinco hijas: Clara, Juana, Juana Josefa y Victoria.<\/p>\n<p align=\"justify\">\n<p align=\"justify\">La Avanzadora muri\u00f3 en 1856, a los 66 a\u00f1os, y fue enterrada en el cementerio antiguo de Guacharacas en El Bajo.<\/p>\n<p align=\"justify\">\n<p align=\"justify\">A 230 a\u00f1os de la siembra de esta guerrera s\u00edmbolo de la fuerza y determinaci\u00f3n de las mujeres patriotas, el pueblo venezolano honra su memoria y reafirma su convicci\u00f3n de defensa de la Patria siguiendo el ejemplo de Juana Ram\u00edrez La Avanzadora.<\/p>\n<p align=\"justify\">\n<p align=\"justify\">El 23 de octubre de 2001, los restos simb\u00f3licos de Juana Ram\u00edrez fueron exaltados al Pante\u00f3n Nacional de Venezuela, lugar donde reposan los h\u00e9roes de la independencia y personalidades transcendentales de la sociedad venezolana.<\/p>\n<p align=\"justify\">\n<p align=\"justify\">Este 23 de octubre de 2015 llegan sus restos simb\u00f3licos al Pante\u00f3n Nacional, descansar\u00e1 entre h\u00e9roes nacionales y se convertir\u00e1 en la primera mujer negra en ingresar al mausoleo de Libertadores. El acto no solo representa la reivindicaci\u00f3n de su fuerza individual, sino la de Las Avanzadoras que cabalgaron con machetes en manos y senos al aire con gritos aguerridos de libertad que a\u00fan resuenan en la patria libre.<\/p>\n<p>&nbsp;<\/p>\n","protected":false},"excerpt":{"rendered":"<p>** El 23 de octubre de 2015 llegan sus restos simb\u00f3licos al Pante\u00f3n Nacional y se convierte en la primera mujer negra en ingresar al mausoleo de Libertadores<\/p>\n","protected":false},"author":4,"featured_media":36063,"comment_status":"closed","ping_status":"closed","sticky":false,"template":"","format":"standard","meta":{"footnotes":""},"categories":[2],"tags":[],"class_list":["post-36062","post","type-post","status-publish","format-standard","has-post-thumbnail","hentry","category-blog"],"_links":{"self":[{"href":"https:\/\/inces.gob.ve\/index.php\/wp-json\/wp\/v2\/posts\/36062","targetHints":{"allow":["GET"]}}],"collection":[{"href":"https:\/\/inces.gob.ve\/index.php\/wp-json\/wp\/v2\/posts"}],"about":[{"href":"https:\/\/inces.gob.ve\/index.php\/wp-json\/wp\/v2\/types\/post"}],"author":[{"embeddable":true,"href":"https:\/\/inces.gob.ve\/index.php\/wp-json\/wp\/v2\/users\/4"}],"replies":[{"embeddable":true,"href":"https:\/\/inces.gob.ve\/index.php\/wp-json\/wp\/v2\/comments?post=36062"}],"version-history":[{"count":1,"href":"https:\/\/inces.gob.ve\/index.php\/wp-json\/wp\/v2\/posts\/36062\/revisions"}],"predecessor-version":[{"id":36064,"href":"https:\/\/inces.gob.ve\/index.php\/wp-json\/wp\/v2\/posts\/36062\/revisions\/36064"}],"wp:featuredmedia":[{"embeddable":true,"href":"https:\/\/inces.gob.ve\/index.php\/wp-json\/wp\/v2\/media\/36063"}],"wp:attachment":[{"href":"https:\/\/inces.gob.ve\/index.php\/wp-json\/wp\/v2\/media?parent=36062"}],"wp:term":[{"taxonomy":"category","embeddable":true,"href":"https:\/\/inces.gob.ve\/index.php\/wp-json\/wp\/v2\/categories?post=36062"},{"taxonomy":"post_tag","embeddable":true,"href":"https:\/\/inces.gob.ve\/index.php\/wp-json\/wp\/v2\/tags?post=36062"}],"curies":[{"name":"wp","href":"https:\/\/api.w.org\/{rel}","templated":true}]}}