{"id":36082,"date":"2020-10-27T14:21:37","date_gmt":"2020-10-27T18:21:37","guid":{"rendered":"https:\/\/inces.gob.ve\/?p=36082"},"modified":"2020-10-28T14:24:53","modified_gmt":"2020-10-28T18:24:53","slug":"aragua-socializacion-de-saberes-y-haceres-transcurrio-con-exito-desde-la-unidad-basica-educativa-inces","status":"publish","type":"post","link":"https:\/\/inces.gob.ve\/index.php\/2020\/10\/27\/aragua-socializacion-de-saberes-y-haceres-transcurrio-con-exito-desde-la-unidad-basica-educativa-inces\/","title":{"rendered":"ARAGUA | Socializaci\u00f3n de saberes y haceres transcurri\u00f3 con \u00e9xito desde la Unidad B\u00e1sica educativa Inces"},"content":{"rendered":"<p class=\"western\" style=\"text-align: justify;\" align=\"center\"><em><strong>** \u201c<span style=\"font-family: Arial, serif;\"><span style=\"font-size: large;\">La formaci\u00f3n productiva avanza desde el pensamiento positivo y sin l\u00edmites\u201d, Mar\u00eda D\u00edaz<\/span><\/span><\/strong><\/em><!--more--><\/p>\n<p align=\"justify\">\n<p class=\"western\" align=\"justify\"><span style=\"font-family: Arial, serif;\"><span style=\"font-size: large;\"><b>NINOSKA PATRIZ | ARAGUA<\/b><\/span><\/span><\/p>\n<p class=\"western\" align=\"justify\"><span style=\"font-family: Arial, serif;\"><span style=\"font-size: medium;\">El equipo de La Unidad Educativa Media General, en Modalidad de Educaci\u00f3n de J\u00f3venes, Adultas y Adultos y por motivos de protecci\u00f3n en virtud de la Pandemia, recibi\u00f3 a 24 participantes durante la semana de flexibilidad en funci\u00f3n de la recepci\u00f3n de los respectivos portafolios, as\u00ed como de la socializaci\u00f3n de saberes. El equipo de profesores, conformado por Carmen Jaramillo y Orlando Polo, en compa\u00f1\u00eda de la jefa de la Unidad Mar\u00eda Jos\u00e9 D\u00edaz Camacho, fueron los evaluadores.<\/span><\/span><\/p>\n<p align=\"justify\">\n<p class=\"western\" align=\"justify\"><span style=\"font-family: Arial, serif;\"><span style=\"font-size: medium;\">Las exposiciones estuvieron compuestas por cuatro estudiantes por ronda. Tomando en consideraci\u00f3n el distanciamiento social, uso del tapabocas y respectiva desinfecci\u00f3n, previa del \u00e1rea de trabajo, al igual que el uso de gel antibacterial dispuesto a la entrada. Por su parte cada uno de los presentes describi\u00f3 con maestr\u00eda el dominio de cada una de las \u00e1reas de conocimiento aplicadas en sus trabajos y vida diaria, entre ellos: Mec\u00e1nica, Turismo, Costura, Comercio, Atenci\u00f3n al P\u00fablico, y Gastron\u00f3mica entre otros. <\/span><\/span><\/p>\n<p align=\"justify\">\n<p class=\"western\" align=\"justify\"><span style=\"font-family: Arial, serif;\"><span style=\"font-size: medium;\">Este Programa invita a todas las personas cuya edad sea a partir de los quince (15) a\u00f1os de edad, desvinculados como m\u00ednimo un (1) a\u00f1o del sistema regular a inscribirse en sus modalidades de estudio a Distancia , para optar a la obtenci\u00f3n del T\u00edtulo de Bachiller, en un lapso aproximado de tres (3) a\u00f1os de estudio y\/o menos a trav\u00e9s del proceso de Acreditaci\u00f3n, seg\u00fan el Proceso de Transformaci\u00f3n Curricular y en atenci\u00f3n a sus componentes: Laboral; De participaci\u00f3n e integraci\u00f3n comunitaria e Idiomas. Obtenido finalmente el t\u00edtulo de bachiller por parte del Ministerio del Poder Popular para la Educaci\u00f3n y el certificado de la actividad productiva. <\/span><\/span><\/p>\n<p align=\"justify\">\n<p class=\"western\" align=\"justify\"><span style=\"font-family: Arial, serif;\"><span style=\"font-size: medium;\">Vale destacar, que se prest\u00f3 gran \u00e9nfasis a las habilidades num\u00e9ricas, siendo instrumento de vital importancia para el desarrollo econ\u00f3mico. Por su parte, del mismo modo, D\u00edaz, hizo hincapi\u00e9 en el Lenguaje de Se\u00f1as, siendo considerado m\u00e1s que un simple complemento de la comunicaci\u00f3n y una materia de car\u00e1cter obligatorio y proyecto de estudio a implementar en las aulas, en apoyo a las personas que a diario batallas con esta condici\u00f3n de vida. <\/span><\/span><\/p>\n","protected":false},"excerpt":{"rendered":"<p>** \u201cLa formaci\u00f3n productiva avanza desde el pensamiento positivo y sin l\u00edmites\u201d, Mar\u00eda D\u00edaz<\/p>\n","protected":false},"author":4,"featured_media":36083,"comment_status":"closed","ping_status":"closed","sticky":false,"template":"","format":"standard","meta":{"footnotes":""},"categories":[2],"tags":[],"class_list":["post-36082","post","type-post","status-publish","format-standard","has-post-thumbnail","hentry","category-blog"],"_links":{"self":[{"href":"https:\/\/inces.gob.ve\/index.php\/wp-json\/wp\/v2\/posts\/36082","targetHints":{"allow":["GET"]}}],"collection":[{"href":"https:\/\/inces.gob.ve\/index.php\/wp-json\/wp\/v2\/posts"}],"about":[{"href":"https:\/\/inces.gob.ve\/index.php\/wp-json\/wp\/v2\/types\/post"}],"author":[{"embeddable":true,"href":"https:\/\/inces.gob.ve\/index.php\/wp-json\/wp\/v2\/users\/4"}],"replies":[{"embeddable":true,"href":"https:\/\/inces.gob.ve\/index.php\/wp-json\/wp\/v2\/comments?post=36082"}],"version-history":[{"count":1,"href":"https:\/\/inces.gob.ve\/index.php\/wp-json\/wp\/v2\/posts\/36082\/revisions"}],"predecessor-version":[{"id":36084,"href":"https:\/\/inces.gob.ve\/index.php\/wp-json\/wp\/v2\/posts\/36082\/revisions\/36084"}],"wp:featuredmedia":[{"embeddable":true,"href":"https:\/\/inces.gob.ve\/index.php\/wp-json\/wp\/v2\/media\/36083"}],"wp:attachment":[{"href":"https:\/\/inces.gob.ve\/index.php\/wp-json\/wp\/v2\/media?parent=36082"}],"wp:term":[{"taxonomy":"category","embeddable":true,"href":"https:\/\/inces.gob.ve\/index.php\/wp-json\/wp\/v2\/categories?post=36082"},{"taxonomy":"post_tag","embeddable":true,"href":"https:\/\/inces.gob.ve\/index.php\/wp-json\/wp\/v2\/tags?post=36082"}],"curies":[{"name":"wp","href":"https:\/\/api.w.org\/{rel}","templated":true}]}}