{"id":36121,"date":"2020-11-03T13:47:43","date_gmt":"2020-11-03T17:47:43","guid":{"rendered":"https:\/\/inces.gob.ve\/?p=36121"},"modified":"2020-11-03T13:47:43","modified_gmt":"2020-11-03T17:47:43","slug":"lara-activos-los-puntos-de-apoyo-pedagogico","status":"publish","type":"post","link":"https:\/\/inces.gob.ve\/index.php\/2020\/11\/03\/lara-activos-los-puntos-de-apoyo-pedagogico\/","title":{"rendered":"LARA | Activos los puntos de apoyo pedag\u00f3gico"},"content":{"rendered":"<p align=\"justify\"><em><span style=\"font-family: Arial, sans-serif;\"><strong>** Acompa\u00f1amiento t\u00e9cnico y atenci\u00f3n oportuna para los larenses<\/strong> <\/span><\/em><!--more--><\/p>\n<p align=\"justify\"><strong><span style=\"font-family: Arial, sans-serif;\">\u00a0<\/span><\/strong><\/p>\n<p align=\"justify\"><strong>DANNYS MORILLO<\/strong><\/p>\n<p align=\"justify\"><span style=\"font-family: Arial, sans-serif;\">Los puntos de apoyo pedag\u00f3gico de formaci\u00f3n y autoformaci\u00f3n productiva se traducen en el acompa\u00f1amiento t\u00e9cnico que hacen maestros t\u00e9cnico productivos, asesores docentes y supervisores que se suman desde los centros de formaci\u00f3n socialista en la entidad larense.<\/span><\/p>\n<p align=\"justify\">\n<p align=\"justify\"><span style=\"font-family: Arial, sans-serif;\">As\u00ed lo dio a conocer el jefe de la Divisi\u00f3n de Formaci\u00f3n Profesional en el estado Lara, Jonathan G\u00f3mez, quien considera fundamental este accionar en beneficio de cada participante que desde que llega a la instituci\u00f3n muestra su compromiso y responsabilidad y donde la respuesta inmediata Inces no se hace esperar.<\/span><\/p>\n<p align=\"justify\">\n<p align=\"justify\"><span style=\"font-family: Arial, sans-serif;\">G\u00f3mez dijo que este proceso permitir\u00e1 aclarar dudas, ver habilidades y destrezas de los participantes, \u00fanica y exclusivamente en las formaciones que lo requieran, \u00abporque cierto es tambi\u00e9n, que hay formaciones te\u00f3ricas que no requieren este tipo de acompa\u00f1amiento\u00bb. Ser\u00e1n atendidas doce personas en semana de flexibilizaci\u00f3n. <\/span><\/p>\n<p align=\"justify\">\n<p align=\"justify\"><span style=\"font-family: Arial, sans-serif;\">Las \u00e1reas formativas productivas a atender ser\u00e1n agr\u00edcola, construcci\u00f3n y textil. Con<\/span><span style=\"font-family: Arial, sans-serif;\"> este ensayo se busca reforzar las formaciones\u00a0 con los participantes convocados, cumpliendo con todas las medidas de bioseguridad para prevenir el COVID-19 como el uso el tapabocas, gel antibacterial, guantes, distanciamiento social y correcto lavado de manos.<\/span><\/p>\n<p align=\"justify\">\n<p align=\"justify\"><span style=\"font-family: Arial, sans-serif;\">Es as\u00ed como Inces fortalece el proceso formativo y productivo, en un accionar conjunto y comprometido para dar lo mejor a los hombres y mujeres de la Patria.<\/span><\/p>\n<p align=\"justify\">\n","protected":false},"excerpt":{"rendered":"<p>** Acompa\u00f1amiento t\u00e9cnico y atenci\u00f3n oportuna para los larenses<\/p>\n","protected":false},"author":4,"featured_media":36122,"comment_status":"closed","ping_status":"closed","sticky":false,"template":"","format":"standard","meta":{"footnotes":""},"categories":[2],"tags":[],"class_list":["post-36121","post","type-post","status-publish","format-standard","has-post-thumbnail","hentry","category-blog"],"_links":{"self":[{"href":"https:\/\/inces.gob.ve\/index.php\/wp-json\/wp\/v2\/posts\/36121","targetHints":{"allow":["GET"]}}],"collection":[{"href":"https:\/\/inces.gob.ve\/index.php\/wp-json\/wp\/v2\/posts"}],"about":[{"href":"https:\/\/inces.gob.ve\/index.php\/wp-json\/wp\/v2\/types\/post"}],"author":[{"embeddable":true,"href":"https:\/\/inces.gob.ve\/index.php\/wp-json\/wp\/v2\/users\/4"}],"replies":[{"embeddable":true,"href":"https:\/\/inces.gob.ve\/index.php\/wp-json\/wp\/v2\/comments?post=36121"}],"version-history":[{"count":1,"href":"https:\/\/inces.gob.ve\/index.php\/wp-json\/wp\/v2\/posts\/36121\/revisions"}],"predecessor-version":[{"id":36123,"href":"https:\/\/inces.gob.ve\/index.php\/wp-json\/wp\/v2\/posts\/36121\/revisions\/36123"}],"wp:featuredmedia":[{"embeddable":true,"href":"https:\/\/inces.gob.ve\/index.php\/wp-json\/wp\/v2\/media\/36122"}],"wp:attachment":[{"href":"https:\/\/inces.gob.ve\/index.php\/wp-json\/wp\/v2\/media?parent=36121"}],"wp:term":[{"taxonomy":"category","embeddable":true,"href":"https:\/\/inces.gob.ve\/index.php\/wp-json\/wp\/v2\/categories?post=36121"},{"taxonomy":"post_tag","embeddable":true,"href":"https:\/\/inces.gob.ve\/index.php\/wp-json\/wp\/v2\/tags?post=36121"}],"curies":[{"name":"wp","href":"https:\/\/api.w.org\/{rel}","templated":true}]}}