{"id":36143,"date":"2020-11-05T09:51:29","date_gmt":"2020-11-05T13:51:29","guid":{"rendered":"https:\/\/inces.gob.ve\/?p=36143"},"modified":"2020-11-05T09:51:29","modified_gmt":"2020-11-05T13:51:29","slug":"trujillo-inces-ofrece-herramienta-actitudinales-para-estudiantes-de-basica","status":"publish","type":"post","link":"https:\/\/inces.gob.ve\/index.php\/2020\/11\/05\/trujillo-inces-ofrece-herramienta-actitudinales-para-estudiantes-de-basica\/","title":{"rendered":"TRUJILLO | Inces ofrece herramienta actitudinales para estudiantes de b\u00e1sica"},"content":{"rendered":"<p style=\"text-align: justify;\"><strong><em>** Herramientas de crecimiento personal, motivaci\u00f3n al logro y atenci\u00f3n al p\u00fablico forman parte del contenido a desarrollarse durante cuatro semanas de formaci\u00f3n<\/em><\/strong><!--more--><\/p>\n<p>&nbsp;<\/p>\n<p style=\"text-align: justify;\"><strong>MAR\u00cdA CABRERA<\/strong><\/p>\n<p style=\"text-align: justify;\">Continuando con las amplias jornadas de alternativas de Crecimiento Personal, Motivaci\u00f3n al Logro y Atenci\u00f3n al P\u00fablico que paralelamente el Instituto Nacional de Capacitaci\u00f3n y Educaci\u00f3n Socialista de Trujillo lleva a cabo desde el inicio de esta pandemia mundial, en esta oportunidad le toca a los participantes de la Unidad B\u00e1sica de Inces.<\/p>\n<p style=\"text-align: justify;\">\n<p style=\"text-align: justify;\">Gladys Paredes es la docente encargada de dictar las clases de autoestima, las cuales estar\u00e1n distribuidas en tres cursos que se impartir\u00e1n a los 37 participantes de los distintos periodos de clases y que inician actividades la primera semana de noviembre.<\/p>\n<p style=\"text-align: justify;\">\n<p style=\"text-align: justify;\">Paredes explic\u00f3 que cada uno de los encuentros acad\u00e9micos se har\u00e1n de forma semi presencial y a distancia, y dependiendo de la modalidad, se aplicar\u00e1n ejercicios pr\u00e1cticos que ser\u00e1n de provecho, considerando, entre otros aspectos, las medidas de bioseguridad y distanciamiento social por el tema del COVID-19 y las medidas de flexibilizaci\u00f3n que orienta el gobierno nacional.<\/p>\n<p>&nbsp;<\/p>\n<p style=\"text-align: justify;\">Cada uno de estas formaciones, indica la profesora Paredes, tiene una duraci\u00f3n de entre 20 y 30 horas, distribuidas en cuatro semanas\u00a0 de duraci\u00f3n aproximadamente, periodo dentro del cual los participantes de B\u00e1sica Inces aplicar\u00e1n las herramientas de crecimiento personal, motivaci\u00f3n al logro y atenci\u00f3n al p\u00fablico.<\/p>\n<p>&nbsp;<\/p>\n<p style=\"text-align: justify;\">Estas jornada de crecimiento humano, que generalmente el Inces imparte al p\u00fablico, en esta ocasi\u00f3n las aplica para su p\u00fablico interno, toda vez que la parte actitudinal es esencial en el nuevo hombre que requiere la revoluci\u00f3n bolivariana, en especial, en este momento aciago de la humanidad, donde precisamente ese rasgo humano las sociedades industrializadas han dejado de lado, con los resultados ya conocidos.<\/p>\n<p>&nbsp;<\/p>\n<p style=\"text-align: justify;\">Hasta los momentos la formaci\u00f3n acad\u00e9mica que se imparte en el Inces Trujillo se seguir\u00e1 ajustando a cada uno de los lineamientos que emana el Ministerio de Educaci\u00f3n, habida cuenta de que este organismo vigila el buen desempe\u00f1o de la actividad escolar en todo el pa\u00eds.<\/p>\n","protected":false},"excerpt":{"rendered":"<p>** Herramientas de crecimiento personal, motivaci\u00f3n al logro y atenci\u00f3n al p\u00fablico forman parte del contenido a desarrollarse durante cuatro semanas de formaci\u00f3n<\/p>\n","protected":false},"author":4,"featured_media":36144,"comment_status":"closed","ping_status":"closed","sticky":false,"template":"","format":"standard","meta":{"footnotes":""},"categories":[2],"tags":[],"class_list":["post-36143","post","type-post","status-publish","format-standard","has-post-thumbnail","hentry","category-blog"],"_links":{"self":[{"href":"https:\/\/inces.gob.ve\/index.php\/wp-json\/wp\/v2\/posts\/36143","targetHints":{"allow":["GET"]}}],"collection":[{"href":"https:\/\/inces.gob.ve\/index.php\/wp-json\/wp\/v2\/posts"}],"about":[{"href":"https:\/\/inces.gob.ve\/index.php\/wp-json\/wp\/v2\/types\/post"}],"author":[{"embeddable":true,"href":"https:\/\/inces.gob.ve\/index.php\/wp-json\/wp\/v2\/users\/4"}],"replies":[{"embeddable":true,"href":"https:\/\/inces.gob.ve\/index.php\/wp-json\/wp\/v2\/comments?post=36143"}],"version-history":[{"count":1,"href":"https:\/\/inces.gob.ve\/index.php\/wp-json\/wp\/v2\/posts\/36143\/revisions"}],"predecessor-version":[{"id":36145,"href":"https:\/\/inces.gob.ve\/index.php\/wp-json\/wp\/v2\/posts\/36143\/revisions\/36145"}],"wp:featuredmedia":[{"embeddable":true,"href":"https:\/\/inces.gob.ve\/index.php\/wp-json\/wp\/v2\/media\/36144"}],"wp:attachment":[{"href":"https:\/\/inces.gob.ve\/index.php\/wp-json\/wp\/v2\/media?parent=36143"}],"wp:term":[{"taxonomy":"category","embeddable":true,"href":"https:\/\/inces.gob.ve\/index.php\/wp-json\/wp\/v2\/categories?post=36143"},{"taxonomy":"post_tag","embeddable":true,"href":"https:\/\/inces.gob.ve\/index.php\/wp-json\/wp\/v2\/tags?post=36143"}],"curies":[{"name":"wp","href":"https:\/\/api.w.org\/{rel}","templated":true}]}}