{"id":36163,"date":"2020-11-09T11:33:30","date_gmt":"2020-11-09T15:33:30","guid":{"rendered":"https:\/\/inces.gob.ve\/?p=36163"},"modified":"2020-11-09T11:33:30","modified_gmt":"2020-11-09T15:33:30","slug":"aragua-gerencia-regional-expuso-lineas-estrategicas-para-el-cierre-eficiente-del-ano","status":"publish","type":"post","link":"https:\/\/inces.gob.ve\/index.php\/2020\/11\/09\/aragua-gerencia-regional-expuso-lineas-estrategicas-para-el-cierre-eficiente-del-ano\/","title":{"rendered":"ARAGUA | Gerencia regional expuso l\u00edneas estrat\u00e9gicas para el cierre eficiente del a\u00f1o"},"content":{"rendered":"<p align=\"justify\"><em><strong>** \u201cEl desarrollo de mecanismos para el alcance de las formaciones y sus situaciones contingentes es nuestro centro\u201d Maxorisol Cumare<\/strong><\/em><!--more--><\/p>\n<p align=\"justify\">\n<p align=\"justify\"><strong>NINOSKA PATRIZ<\/strong><\/p>\n<p align=\"justify\">Maxorisol Cumare, gerente regional del Inces Aragua, sostuvo reuni\u00f3n de trabajo con los jefes de: Formaci\u00f3n Profesional, Talento Humano, jefes de Divisi\u00f3n y jefes de centros de formaci\u00f3n socialista (CFS). Estos a su vez, coordinaron l\u00edneas de acci\u00f3n con sus equipos de trabajo y maestros productivos; para fijar las l\u00edneas estrat\u00e9gicas para el cierre del a\u00f1o 2020, considerando la situaci\u00f3n pandemia y velando por el cumplimiento de las diversa medidas preventivas de seguridad contra el contagio.<\/p>\n<p align=\"justify\">\n<p align=\"justify\">Cumare se\u00f1al\u00f3 que estas reuniones se est\u00e1n desarrollando: \u201ccon el prop\u00f3sito de orientar y fijar t\u00e1cticas que permitan ejecutar las actividades con efectividad desde la modalidad virtual o a distancia. Tambi\u00e9n para el pr\u00f3ximo a\u00f1o 2021\u201d. De igual manera, destac\u00f3 el gran esfuerzo realizado por todos y agradeci\u00f3 su m\u00e1xima colaboraci\u00f3n.<\/p>\n<p align=\"justify\">\n<p align=\"justify\">En el mismo orden de idea, la gerente regional enfatiz\u00f3 que: \u201cestamos estableciendo alianzas constantemente con el sector empresarial para fortalecer el Movimiento de aprendices, Chamba juvenil, el apoyo a las instituciones educativas y los emprendimientos, tomando en cuenta la estrategia del punto y c\u00edrculo de cada CFS de la regi\u00f3n, hoy m\u00e1s que nunca debido a las restricciones que nos dicta la \u00e9poca\u201d.<\/p>\n<p align=\"justify\">\n<p align=\"justify\">Tambi\u00e9n se\u00f1al\u00f3 la importancia de los Puntos de Apoyo Pedag\u00f3gicos de Formaci\u00f3n y Autoformaci\u00f3n como espacios para el encuentro pedag\u00f3gico con los participantes desde cada CFS. Desde ellos se pretende facilitar el desarrollo de mecanismos para construir el alcance de la formaci\u00f3n y sus situaciones contingentes, siempre bajo un enfoque educativo estructurado, coordinado por los jefes de cada CFS Inces y as\u00ed cumplir con las metas proyectadas, objetivos, lineamientos de formaci\u00f3n, acreditaci\u00f3n y certificaci\u00f3n del Inces para el a\u00f1o 2020-2021.<\/p>\n<div><\/div>\n","protected":false},"excerpt":{"rendered":"<p>** \u201cEl desarrollo de mecanismos para el alcance de las formaciones y sus situaciones contingentes es nuestro centro\u201d Maxorisol Cumare<\/p>\n","protected":false},"author":4,"featured_media":36164,"comment_status":"closed","ping_status":"closed","sticky":false,"template":"","format":"standard","meta":{"footnotes":""},"categories":[2],"tags":[86],"class_list":["post-36163","post","type-post","status-publish","format-standard","has-post-thumbnail","hentry","category-blog","tag-aragua"],"_links":{"self":[{"href":"https:\/\/inces.gob.ve\/index.php\/wp-json\/wp\/v2\/posts\/36163","targetHints":{"allow":["GET"]}}],"collection":[{"href":"https:\/\/inces.gob.ve\/index.php\/wp-json\/wp\/v2\/posts"}],"about":[{"href":"https:\/\/inces.gob.ve\/index.php\/wp-json\/wp\/v2\/types\/post"}],"author":[{"embeddable":true,"href":"https:\/\/inces.gob.ve\/index.php\/wp-json\/wp\/v2\/users\/4"}],"replies":[{"embeddable":true,"href":"https:\/\/inces.gob.ve\/index.php\/wp-json\/wp\/v2\/comments?post=36163"}],"version-history":[{"count":1,"href":"https:\/\/inces.gob.ve\/index.php\/wp-json\/wp\/v2\/posts\/36163\/revisions"}],"predecessor-version":[{"id":36165,"href":"https:\/\/inces.gob.ve\/index.php\/wp-json\/wp\/v2\/posts\/36163\/revisions\/36165"}],"wp:featuredmedia":[{"embeddable":true,"href":"https:\/\/inces.gob.ve\/index.php\/wp-json\/wp\/v2\/media\/36164"}],"wp:attachment":[{"href":"https:\/\/inces.gob.ve\/index.php\/wp-json\/wp\/v2\/media?parent=36163"}],"wp:term":[{"taxonomy":"category","embeddable":true,"href":"https:\/\/inces.gob.ve\/index.php\/wp-json\/wp\/v2\/categories?post=36163"},{"taxonomy":"post_tag","embeddable":true,"href":"https:\/\/inces.gob.ve\/index.php\/wp-json\/wp\/v2\/tags?post=36163"}],"curies":[{"name":"wp","href":"https:\/\/api.w.org\/{rel}","templated":true}]}}