{"id":36324,"date":"2020-11-20T14:10:03","date_gmt":"2020-11-20T18:10:03","guid":{"rendered":"https:\/\/inces.gob.ve\/?p=36324"},"modified":"2020-11-20T14:10:03","modified_gmt":"2020-11-20T18:10:03","slug":"carabobo-trabajadores-reciben-kir-escolar-para-sus-hijos","status":"publish","type":"post","link":"https:\/\/inces.gob.ve\/index.php\/2020\/11\/20\/carabobo-trabajadores-reciben-kir-escolar-para-sus-hijos\/","title":{"rendered":"CARABOBO | Trabajadores reciben kir escolar para sus hijos"},"content":{"rendered":"<p lang=\"en-US\" style=\"text-align: justify;\"><span style=\"font-family: Times New Roman, serif;\"><span lang=\"es-VE\"><em><strong>** Maestros, jefes de centro, personal obrero y administrativo recibieron el beneficio escolar<\/strong><\/em><br \/>\n<\/span><\/span><!--more--><\/p>\n<p class=\"western\" lang=\"es-VE\" style=\"text-align: justify;\"><span style=\"font-family: Times New Roman, serif;\"><b>Atilia Cortez Carabobo<\/b><\/span><\/p>\n<p lang=\"en-US\" style=\"text-align: justify;\"><span style=\"font-family: Times New Roman, serif;\"><span style=\"font-size: medium;\"><span lang=\"es-VE\">La Divisi\u00f3n de Talento Humano de Inces Carabobo, con apoyo de la Gerencia Regional, realiz\u00f3 la entrega de un kit escolar\u00a0 para cada hijo de trabajador debidamente escolarizado. Fueron beneficiados maetsros, jefes de centro, personal obrero y administrativo. Esta distribuci\u00f3n se hizo previa cita al trabajador para as\u00ed contribuir al distanciamiento social y respetar las medidas de bioseguridad ante el COVID-19.<\/span><\/span><\/span><\/p>\n<p>Al respecto, <span style=\"font-family: Times New Roman, serif;\"><span style=\"font-size: medium;\"><span lang=\"es-VE\">Aquiles Salazar, jefe de la Divisi\u00f3n de Talento Humano explic\u00f3: \u00abEsta distribuci\u00f3n de los kits escolares es un beneficio que con esfuerzo realiza el Inces a sus trabajadoras y trabajadores. Gracias a mi equipo en la Divisi\u00f3n de Talento Humano, que siempre est\u00e1 con la mejor disposici\u00f3n de trabajo para ofrecer lo mejor al trabajador del Inces Carabobo\u00bb.<\/span><\/span><\/span><\/p>\n<p lang=\"en-US\">\n<p lang=\"en-US\" style=\"text-align: justify;\"><span style=\"font-family: Times New Roman, serif;\"><span style=\"font-size: medium;\"><span lang=\"es-VE\">Entre tanto Jos\u00e9 Daniel Romero, jefe del centro de formaci\u00f3n socialista (CFS) Bicentenario y beneficiado del kit escolar expres\u00f3: \u00abMe siento muy agradecido con el Inces sede y con el Inces Carabobo por este esfuerzo tanto de nuestro gerente regional Guyen Soto, com del icenciado Aquiles Salaza\u00bb.<\/span><\/span><\/span><\/p>\n<p lang=\"en-US\">\n<p lang=\"es-VE\" style=\"text-align: justify;\"><span style=\"font-family: Times New Roman, serif;\"><span style=\"font-size: medium;\">Romero acot\u00f3 que \u00a8a pesar de las sanciones y este bloqueo genocida del imperio yanqui nosotros como trabajadores obtenemos este beneficio, por el esfuerzo que hace el Inces y es una gran ayuda porque el kit escolar, contiene cuadernos, libretas, colores que est\u00e1n a altos costos y as\u00ed al obtenerlos nos economizamos este dinero que puedo ser usado para cubrir otras necesidades\u00b4\u00b4.<\/span><\/span><\/p>\n","protected":false},"excerpt":{"rendered":"<p>** Maestros, jefes de centro, personal obrero y administrativo recibieron el beneficio escolar<\/p>\n","protected":false},"author":4,"featured_media":36325,"comment_status":"closed","ping_status":"closed","sticky":false,"template":"","format":"standard","meta":{"footnotes":""},"categories":[2],"tags":[227,91,226],"class_list":["post-36324","post","type-post","status-publish","format-standard","has-post-thumbnail","hentry","category-blog","tag-beneficiossociales","tag-carabobo","tag-talentohumano"],"_links":{"self":[{"href":"https:\/\/inces.gob.ve\/index.php\/wp-json\/wp\/v2\/posts\/36324","targetHints":{"allow":["GET"]}}],"collection":[{"href":"https:\/\/inces.gob.ve\/index.php\/wp-json\/wp\/v2\/posts"}],"about":[{"href":"https:\/\/inces.gob.ve\/index.php\/wp-json\/wp\/v2\/types\/post"}],"author":[{"embeddable":true,"href":"https:\/\/inces.gob.ve\/index.php\/wp-json\/wp\/v2\/users\/4"}],"replies":[{"embeddable":true,"href":"https:\/\/inces.gob.ve\/index.php\/wp-json\/wp\/v2\/comments?post=36324"}],"version-history":[{"count":1,"href":"https:\/\/inces.gob.ve\/index.php\/wp-json\/wp\/v2\/posts\/36324\/revisions"}],"predecessor-version":[{"id":36326,"href":"https:\/\/inces.gob.ve\/index.php\/wp-json\/wp\/v2\/posts\/36324\/revisions\/36326"}],"wp:featuredmedia":[{"embeddable":true,"href":"https:\/\/inces.gob.ve\/index.php\/wp-json\/wp\/v2\/media\/36325"}],"wp:attachment":[{"href":"https:\/\/inces.gob.ve\/index.php\/wp-json\/wp\/v2\/media?parent=36324"}],"wp:term":[{"taxonomy":"category","embeddable":true,"href":"https:\/\/inces.gob.ve\/index.php\/wp-json\/wp\/v2\/categories?post=36324"},{"taxonomy":"post_tag","embeddable":true,"href":"https:\/\/inces.gob.ve\/index.php\/wp-json\/wp\/v2\/tags?post=36324"}],"curies":[{"name":"wp","href":"https:\/\/api.w.org\/{rel}","templated":true}]}}