{"id":36384,"date":"2020-11-24T16:40:36","date_gmt":"2020-11-24T20:40:36","guid":{"rendered":"https:\/\/inces.gob.ve\/?p=36384"},"modified":"2020-11-24T16:40:36","modified_gmt":"2020-11-24T20:40:36","slug":"merida-trabajadores-reciben-kit-de-utiles-escolares","status":"publish","type":"post","link":"https:\/\/inces.gob.ve\/index.php\/2020\/11\/24\/merida-trabajadores-reciben-kit-de-utiles-escolares\/","title":{"rendered":"M\u00c9RIDA | Trabajadores reciben kit de \u00fatiles escolares"},"content":{"rendered":"<p align=\"justify\"><strong><span style=\"font-family: Arial, serif;\"><span style=\"font-size: medium;\"><i>**La entrega de la ayuda escolar tambi\u00e9n se estar\u00e1 desarrollando en los centros de formaci\u00f3n socialista (CFS) El Vig\u00eda y La Azulita<\/i><\/span><\/span><\/strong><i> <\/i><!--more--><\/p>\n<p align=\"justify\">\n<p align=\"justify\"><strong>NADIA LOBO<\/strong><\/p>\n<p align=\"justify\"><span style=\"font-family: Arial, serif;\"><span style=\"font-size: medium;\">M\u00e1s de 60 <\/span><\/span><span style=\"font-family: Arial, serif;\"><span style=\"font-size: medium;\"><b>trabajadores del<\/b><\/span><\/span> <span style=\"font-family: Arial, serif;\"><span style=\"font-size: medium;\"><b>Inces-M\u00e9rida,<\/b><\/span><\/span> <span style=\"font-family: Arial, serif;\"><span style=\"font-size: medium;\"><b>recibieron el kit contentivo de \u00fatiles escolares para sus hijos e hijas<\/b><\/span><\/span><span style=\"font-family: Arial, serif;\"><span style=\"font-size: medium;\"> en formaci\u00f3n preescolar, b\u00e1sica, bachillerato y universitaria, tal y como lo contempla la Convenci\u00f3n Colectiva vigente de la instituci\u00f3n.<\/span><\/span><\/p>\n<p align=\"justify\">\n<p align=\"justify\"><span style=\"font-family: Arial, serif;\"><span style=\"font-size: medium;\">As\u00ed lo comunic\u00f3 el gerente regional del <\/span><\/span><span style=\"font-family: Arial, serif;\"><span style=\"font-size: medium;\"><b>Inces-M\u00e9rida, Geldrit Roca<\/b><\/span><\/span><span style=\"font-family: Arial, serif;\"><span style=\"font-size: medium;\">, quien destac\u00f3 que este beneficio se otorga en coordinaci\u00f3n con la Divisi\u00f3n de Talento Humano, gracias a las pol\u00edticas sociales del <\/span><\/span><span style=\"font-family: Arial, serif;\"><span style=\"font-size: medium;\"><b>Gobierno Bolivariano <\/b><\/span><\/span><span style=\"font-family: Arial, serif;\"><span style=\"font-size: medium;\">y del <\/span><\/span><span style=\"font-family: Arial, serif;\"><span style=\"font-size: medium;\"><b>presidente del Inces, Wuikelman Angel Paredes,<\/b><\/span><\/span><span style=\"font-family: Arial, serif;\"><span style=\"font-size: medium;\"> que buscan proteger tanto a los trabajadores como a sus familias,\u00a0 en tiempo de pandemia.<\/span><\/span><\/p>\n<p align=\"justify\">\n<p align=\"justify\"><span style=\"font-family: Arial, serif;\"><span style=\"font-size: medium;\">El titular del Inces regional indic\u00f3 que las jornadas de entrega de los kit se han convertido en una gran ayuda para los trabajadores activos de la instituci\u00f3n, <\/span><\/span><span style=\"font-family: Arial, serif;\"><span style=\"font-size: medium;\"><b>ya que les permite superar los ataques de la inflaci\u00f3n<\/b><\/span><\/span><span style=\"font-family: Arial, serif;\"><span style=\"font-size: medium;\"> y especulaci\u00f3n, <\/span><\/span><span style=\"font-family: Arial, serif;\"><span style=\"font-size: medium;\"><b>logrando recibir esta valiosa ayuda.<\/b><\/span><\/span><\/p>\n<p align=\"justify\">\n<p align=\"justify\"><span style=\"font-family: Arial, serif;\"><span style=\"font-size: medium;\">En cuanto a la distribuci\u00f3n de los \u00fatiles escolares, Roca explic\u00f3 que<\/span><\/span><span style=\"font-family: Arial, serif;\"><span style=\"font-size: medium;\"><b> se cumplieron con los protocolos de bioseguridad y protecci\u00f3n <\/b><\/span><\/span><span style=\"font-family: Arial, serif;\"><span style=\"font-size: medium;\">para evitar el contagio y propagaci\u00f3n del COVID-19,<\/span><\/span><span style=\"color: #050505;\"><span style=\"font-family: Arial, serif;\"><span style=\"font-size: medium;\"> se utiliz\u00f3 una soluci\u00f3n sanitizante y el uso de tapa bocas para desarrollar la jornada. <\/span><\/span><\/span><\/p>\n<p align=\"justify\"><span style=\"font-family: Arial, serif;\"><span style=\"font-size: medium;\">\u00a0<\/span><\/span><\/p>\n","protected":false},"excerpt":{"rendered":"<p>**La entrega de la ayuda escolar tambi\u00e9n se estar\u00e1 desarrollando en los centros de formaci\u00f3n socialista (CFS) El Vig\u00eda y La Azulita<\/p>\n","protected":false},"author":4,"featured_media":36385,"comment_status":"closed","ping_status":"closed","sticky":false,"template":"","format":"standard","meta":{"footnotes":""},"categories":[2],"tags":[227,226,175],"class_list":["post-36384","post","type-post","status-publish","format-standard","has-post-thumbnail","hentry","category-blog","tag-beneficiossociales","tag-talentohumano","tag-trabajadoresinces"],"_links":{"self":[{"href":"https:\/\/inces.gob.ve\/index.php\/wp-json\/wp\/v2\/posts\/36384","targetHints":{"allow":["GET"]}}],"collection":[{"href":"https:\/\/inces.gob.ve\/index.php\/wp-json\/wp\/v2\/posts"}],"about":[{"href":"https:\/\/inces.gob.ve\/index.php\/wp-json\/wp\/v2\/types\/post"}],"author":[{"embeddable":true,"href":"https:\/\/inces.gob.ve\/index.php\/wp-json\/wp\/v2\/users\/4"}],"replies":[{"embeddable":true,"href":"https:\/\/inces.gob.ve\/index.php\/wp-json\/wp\/v2\/comments?post=36384"}],"version-history":[{"count":1,"href":"https:\/\/inces.gob.ve\/index.php\/wp-json\/wp\/v2\/posts\/36384\/revisions"}],"predecessor-version":[{"id":36386,"href":"https:\/\/inces.gob.ve\/index.php\/wp-json\/wp\/v2\/posts\/36384\/revisions\/36386"}],"wp:featuredmedia":[{"embeddable":true,"href":"https:\/\/inces.gob.ve\/index.php\/wp-json\/wp\/v2\/media\/36385"}],"wp:attachment":[{"href":"https:\/\/inces.gob.ve\/index.php\/wp-json\/wp\/v2\/media?parent=36384"}],"wp:term":[{"taxonomy":"category","embeddable":true,"href":"https:\/\/inces.gob.ve\/index.php\/wp-json\/wp\/v2\/categories?post=36384"},{"taxonomy":"post_tag","embeddable":true,"href":"https:\/\/inces.gob.ve\/index.php\/wp-json\/wp\/v2\/tags?post=36384"}],"curies":[{"name":"wp","href":"https:\/\/api.w.org\/{rel}","templated":true}]}}