{"id":36440,"date":"2020-11-30T01:15:31","date_gmt":"2020-11-30T05:15:31","guid":{"rendered":"https:\/\/inces.gob.ve\/?p=36440"},"modified":"2020-11-29T21:24:56","modified_gmt":"2020-11-30T01:24:56","slug":"aragua-la-genialidad-del-venezolano-es-capaz-de-superar-cualquier-obstaculo","status":"publish","type":"post","link":"https:\/\/inces.gob.ve\/index.php\/2020\/11\/30\/aragua-la-genialidad-del-venezolano-es-capaz-de-superar-cualquier-obstaculo\/","title":{"rendered":"ARAGUA | La genialidad del venezolano es capaz de superar cualquier obst\u00e1culo"},"content":{"rendered":"<div id=\":gk\" class=\"a3s aiL \">\n<div dir=\"ltr\">\n<p style=\"text-align: justify;\" align=\"center\"><strong><span style=\"color: #3d3d3d;\"><span style=\"font-family: ARial, sans-serif;\"><em>** Somos formaci\u00f3n, conciencia, principios y valores para la construcci\u00f3n de una sociedad productiva\u201d, Virgilio Serrada, jefe del CFS Villa de Cura<\/em> <\/span><\/span><\/strong><\/p>\n<\/div>\n<\/div>\n<p><!--more--><\/p>\n<div id=\":gk\" class=\"a3s aiL \">\n<div dir=\"ltr\">\n<p>&nbsp;<\/p>\n<p><b>NINOSKA PATRIZ | ARAGUA<\/b><\/p>\n<p align=\"justify\">\u201cCon mucho respeto incursionamos en la interacci\u00f3n con los participantes desde las plataformas tecnol\u00f3gicas. Sin embargo, educaci\u00f3n a distancia es una modalidad que hemos de perfeccionar. Estos han respondido seg\u00fan sus posibilidades y as\u00ed avanzamos\u201d, coment\u00f3 el Jefe del centro de formaci\u00f3n socialsita Villa de Cura, Virgilo Serradas.<\/p>\n<p align=\"justify\">\n<p align=\"justify\">Particularmente felicit\u00f3 al Programa de Formaci\u00f3n de Grado de la Unidad Educaci\u00f3n de Adultos Inces Aragua: \u201cDebemos felicitar a todos los estudiantes incorporados en esta \u00e1rea de formaci\u00f3n. La socializaci\u00f3n de saberes juega un papel de vital importancia, ya que por medio del an\u00e1lisis y respectiva correlaci\u00f3n de conocimientos se permite vislumbrar los saberes que albergan desde su cotidianidad\u201d, indic\u00f3 el jefe de Centro, consciente de que toda la labor que se realizar es parte importante en la lucha por la libertad econ\u00f3mica.<\/p>\n<p align=\"justify\">\n<p align=\"justify\">\u201cNuestros participantes son instados a descubrir sus opciones de independencia financiera. A superar sus propios l\u00edmites sin perder la fuerza inicial que les motiv\u00f3, a seguir adelante en su formaci\u00f3n, a verse reflejados como entes participativos y patag\u00f3nicos en esta revoluci\u00f3n que no detiene su marcha. Nos importa su futuro, no es solo la transferencia de conocimientos\u201d, precis\u00f3 Serrada v\u00eda digital.<\/p>\n<p align=\"justify\">\n<p align=\"justify\">\u00abApoyamos el despertar del hombre y la mujer nueva. Y hemos de asumir la tarea de crear nuevos senderos desde el producir formando para fortalecer el crecimiento econ\u00f3mico de la naci\u00f3n sin perder de vista nuestra verdadera misi\u00f3n: estudiar nuestro pasado para no cometer los mismos errores y preservar la vida del planeta en todo sentido como lo establece el Plan de la Patria y el Legado de nuestro Comandante eterno Hugo Rafa\u00e9l Ch\u00e1vez Fr\u00edas\u00bb, finaliz\u00f3 el jefe de centro.<\/p>\n<\/div>\n<\/div>\n<p>&nbsp;<\/p>\n<p>&nbsp;<\/p>\n","protected":false},"excerpt":{"rendered":"<p>** Somos formaci\u00f3n, conciencia, principios y valores para la construcci\u00f3n de una sociedad productiva\u201d, Virgilio Serrada, jefe del CFS Villa de Cura<\/p>\n","protected":false},"author":4,"featured_media":36441,"comment_status":"closed","ping_status":"closed","sticky":false,"template":"","format":"standard","meta":{"footnotes":""},"categories":[2],"tags":[86],"class_list":["post-36440","post","type-post","status-publish","format-standard","has-post-thumbnail","hentry","category-blog","tag-aragua"],"_links":{"self":[{"href":"https:\/\/inces.gob.ve\/index.php\/wp-json\/wp\/v2\/posts\/36440","targetHints":{"allow":["GET"]}}],"collection":[{"href":"https:\/\/inces.gob.ve\/index.php\/wp-json\/wp\/v2\/posts"}],"about":[{"href":"https:\/\/inces.gob.ve\/index.php\/wp-json\/wp\/v2\/types\/post"}],"author":[{"embeddable":true,"href":"https:\/\/inces.gob.ve\/index.php\/wp-json\/wp\/v2\/users\/4"}],"replies":[{"embeddable":true,"href":"https:\/\/inces.gob.ve\/index.php\/wp-json\/wp\/v2\/comments?post=36440"}],"version-history":[{"count":1,"href":"https:\/\/inces.gob.ve\/index.php\/wp-json\/wp\/v2\/posts\/36440\/revisions"}],"predecessor-version":[{"id":36442,"href":"https:\/\/inces.gob.ve\/index.php\/wp-json\/wp\/v2\/posts\/36440\/revisions\/36442"}],"wp:featuredmedia":[{"embeddable":true,"href":"https:\/\/inces.gob.ve\/index.php\/wp-json\/wp\/v2\/media\/36441"}],"wp:attachment":[{"href":"https:\/\/inces.gob.ve\/index.php\/wp-json\/wp\/v2\/media?parent=36440"}],"wp:term":[{"taxonomy":"category","embeddable":true,"href":"https:\/\/inces.gob.ve\/index.php\/wp-json\/wp\/v2\/categories?post=36440"},{"taxonomy":"post_tag","embeddable":true,"href":"https:\/\/inces.gob.ve\/index.php\/wp-json\/wp\/v2\/tags?post=36440"}],"curies":[{"name":"wp","href":"https:\/\/api.w.org\/{rel}","templated":true}]}}