{"id":36456,"date":"2020-11-30T14:33:09","date_gmt":"2020-11-30T18:33:09","guid":{"rendered":"https:\/\/inces.gob.ve\/?p=36456"},"modified":"2020-11-30T14:33:09","modified_gmt":"2020-11-30T18:33:09","slug":"la-guaira-trabajadores-reciben-reconocimiento-por-anos-de-servicios","status":"publish","type":"post","link":"https:\/\/inces.gob.ve\/index.php\/2020\/11\/30\/la-guaira-trabajadores-reciben-reconocimiento-por-anos-de-servicios\/","title":{"rendered":"LA GUAIRA | Trabajadores reciben reconocimiento por a\u00f1os de servicios"},"content":{"rendered":"<div dir=\"auto\" style=\"text-align: justify;\"><em><strong>** El Inces reconoce el trabajo, el compromiso y la dedicaci\u00f3n\u00a0 de sus trabajadores, quienes fueron merecedores de reconocimiento como un est\u00edmulo y homenaje<\/strong><\/em><\/p>\n<div dir=\"auto\"><\/div>\n<\/div>\n<p><!--more--><\/p>\n<p><strong>RONALD PINTO<\/strong><\/p>\n<div dir=\"auto\" style=\"text-align: justify;\">Con la entrega de reconocimientos a trabajadores con 5 y 15 a\u00f1os de servicio, el Inces La Guaira reconoci\u00f3 el compromiso de sus trabajadores de cumplir con m\u00edstica la misi\u00f3n de formar produciendo y producir formando a los participantes de la entidad regional. La entrega se desarroll\u00f3 en las instalaciones del Liceo Nacional Ant\u00f3n Makarenko, ubicado en el urbanismo Hugo Ch\u00e1vez en Catia la Mar.<\/div>\n<div dir=\"auto\" style=\"text-align: justify;\"><\/div>\n<div dir=\"auto\"><\/div>\n<div dir=\"auto\" style=\"text-align: justify;\">\u201cHoy nos complace rendir homenaje a las mujeres y hombres que con gran entrega y compromiso patrio hacen posible la formaci\u00f3n y capacitaci\u00f3n y fortalecen d\u00eda a d\u00eda con su trabajo el crecimiento de esta gran instituci\u00f3n\u00bb, afirm\u00f3 el Profesor Hern\u00e1n Garboza, m\u00e1xima autoridad del Inces regional.<\/div>\n<div dir=\"auto\"><\/div>\n<div dir=\"auto\" style=\"text-align: justify;\"><\/div>\n<div dir=\"auto\" style=\"text-align: justify;\">Indic\u00f3 que siguiendo instrucciones del presidente del Inces, Wuikelman Angel Paredes, hombres y mujeres adscritos a diferentes divisiones y centros de formaci\u00f3n socialista (CFS) ubicados en la entidad guaire\u00f1a, recibieron el bot\u00f3n por 5 y 15\u00a0 a\u00f1os de servicio.<\/div>\n<div dir=\"auto\" style=\"text-align: justify;\"><\/div>\n<div dir=\"auto\"><\/div>\n<div dir=\"auto\" style=\"text-align: justify;\">Emilio D\u00edaz, adscrito a la Divisi\u00f3n de Infraestructura, recibi\u00f3 el bot\u00f3n por 15 a\u00f1os de servicio ininterrumpidos, se mostr\u00f3 agradecido por formar parte de esta gran familia y haber aportado su granito de arena en la formaci\u00f3n y capacitaci\u00f3n de los participantes del estado La Guaira, en diferentes tareas y ocupaciones que le ha tocado desarrollar a lo largo de la carrera profesional.<\/div>\n<div dir=\"auto\" style=\"text-align: justify;\"><\/div>\n<div dir=\"auto\"><\/div>\n<div dir=\"auto\" style=\"text-align: justify;\">Por su parte, Marisela Caraballo, Plinio Vladimir Marcano y M\u00f3nica de Dos Santos, fueron reconocidos por 5 a\u00f1os de servicio, agradecieron al Inces por la oportunidad que les ha brindado, as\u00ed mismo manifestaron estar m\u00e1s comprometidos que nunca con la instituci\u00f3n.<\/div>\n","protected":false},"excerpt":{"rendered":"<p>** El Inces reconoce el trabajo, el compromiso y la dedicaci\u00f3n\u00a0 de sus trabajadores, quienes fueron merecedores de reconocimiento como un est\u00edmulo y homenaje<\/p>\n","protected":false},"author":4,"featured_media":36457,"comment_status":"closed","ping_status":"closed","sticky":false,"template":"","format":"standard","meta":{"footnotes":""},"categories":[2],"tags":[157,175],"class_list":["post-36456","post","type-post","status-publish","format-standard","has-post-thumbnail","hentry","category-blog","tag-laguaira","tag-trabajadoresinces"],"_links":{"self":[{"href":"https:\/\/inces.gob.ve\/index.php\/wp-json\/wp\/v2\/posts\/36456","targetHints":{"allow":["GET"]}}],"collection":[{"href":"https:\/\/inces.gob.ve\/index.php\/wp-json\/wp\/v2\/posts"}],"about":[{"href":"https:\/\/inces.gob.ve\/index.php\/wp-json\/wp\/v2\/types\/post"}],"author":[{"embeddable":true,"href":"https:\/\/inces.gob.ve\/index.php\/wp-json\/wp\/v2\/users\/4"}],"replies":[{"embeddable":true,"href":"https:\/\/inces.gob.ve\/index.php\/wp-json\/wp\/v2\/comments?post=36456"}],"version-history":[{"count":1,"href":"https:\/\/inces.gob.ve\/index.php\/wp-json\/wp\/v2\/posts\/36456\/revisions"}],"predecessor-version":[{"id":36458,"href":"https:\/\/inces.gob.ve\/index.php\/wp-json\/wp\/v2\/posts\/36456\/revisions\/36458"}],"wp:featuredmedia":[{"embeddable":true,"href":"https:\/\/inces.gob.ve\/index.php\/wp-json\/wp\/v2\/media\/36457"}],"wp:attachment":[{"href":"https:\/\/inces.gob.ve\/index.php\/wp-json\/wp\/v2\/media?parent=36456"}],"wp:term":[{"taxonomy":"category","embeddable":true,"href":"https:\/\/inces.gob.ve\/index.php\/wp-json\/wp\/v2\/categories?post=36456"},{"taxonomy":"post_tag","embeddable":true,"href":"https:\/\/inces.gob.ve\/index.php\/wp-json\/wp\/v2\/tags?post=36456"}],"curies":[{"name":"wp","href":"https:\/\/api.w.org\/{rel}","templated":true}]}}