{"id":36468,"date":"2020-12-01T13:36:28","date_gmt":"2020-12-01T17:36:28","guid":{"rendered":"https:\/\/inces.gob.ve\/?p=36468"},"modified":"2020-12-01T09:38:55","modified_gmt":"2020-12-01T13:38:55","slug":"tachira-en-2021-las-aulas-virtuales-continuaran-siendo-protagonistas","status":"publish","type":"post","link":"https:\/\/inces.gob.ve\/index.php\/2020\/12\/01\/tachira-en-2021-las-aulas-virtuales-continuaran-siendo-protagonistas\/","title":{"rendered":"T\u00e1CHIRA | En 2021 las aulas virtuales continuar\u00e1n siendo protagonistas"},"content":{"rendered":"<p><i><b>** El Inces impulsa la interacci\u00f3n constante entre las partes involucradas en la formaci\u00f3n<\/b><\/i><!--more--><\/p>\n<p><b>LONGINA TOVAR<\/b><\/p>\n<p>Para 2021 se tiene <b>planificado activar un aula virtual<\/b> Inces que permita la <b>interacci\u00f3n constante<\/b> con los maestros t\u00e9cnicos productivos de la instituci\u00f3n y su grupo de participantes, seg\u00fan inform\u00f3 el Gerente regiona del Inces T\u00e1chira, Geovanny Gonz\u00e1lez.<\/p>\n<p>\u201cEn la actualidad trabajamos con <b>Whatsapp, Instagram, Twitter y Facebook<\/b>, pero es hora de adaptarnos a los nuevos tiempos de pandemia\u201d, indic\u00f3 Gonz\u00e1lez.<\/p>\n<p>El gerente regional inform\u00f3 que en el Inces regional se contar\u00e1 para 2021 con 48 maestros y que el objetivo \u201ces <b>impulsar el desarrollo econ\u00f3mico y productivo de la entidad<\/b>\u201d.<\/p>\n<p><em>Fuente:<a href=\"https:\/\/ultimasnoticias.com.ve\/noticias\/general\/inces-tachira-activara-aula-virtual-en-2021\/\"> \u00daltimas Noticias<\/a><\/em><\/p>\n<p><em>Foto: Archivo<\/em><\/p>\n","protected":false},"excerpt":{"rendered":"<p>** El Inces impulsa la interacci\u00f3n constante entre las partes involucradas en la formaci\u00f3n<\/p>\n","protected":false},"author":4,"featured_media":36002,"comment_status":"closed","ping_status":"closed","sticky":false,"template":"","format":"standard","meta":{"footnotes":""},"categories":[2],"tags":[],"class_list":["post-36468","post","type-post","status-publish","format-standard","has-post-thumbnail","hentry","category-blog"],"_links":{"self":[{"href":"https:\/\/inces.gob.ve\/index.php\/wp-json\/wp\/v2\/posts\/36468","targetHints":{"allow":["GET"]}}],"collection":[{"href":"https:\/\/inces.gob.ve\/index.php\/wp-json\/wp\/v2\/posts"}],"about":[{"href":"https:\/\/inces.gob.ve\/index.php\/wp-json\/wp\/v2\/types\/post"}],"author":[{"embeddable":true,"href":"https:\/\/inces.gob.ve\/index.php\/wp-json\/wp\/v2\/users\/4"}],"replies":[{"embeddable":true,"href":"https:\/\/inces.gob.ve\/index.php\/wp-json\/wp\/v2\/comments?post=36468"}],"version-history":[{"count":2,"href":"https:\/\/inces.gob.ve\/index.php\/wp-json\/wp\/v2\/posts\/36468\/revisions"}],"predecessor-version":[{"id":36470,"href":"https:\/\/inces.gob.ve\/index.php\/wp-json\/wp\/v2\/posts\/36468\/revisions\/36470"}],"wp:featuredmedia":[{"embeddable":true,"href":"https:\/\/inces.gob.ve\/index.php\/wp-json\/wp\/v2\/media\/36002"}],"wp:attachment":[{"href":"https:\/\/inces.gob.ve\/index.php\/wp-json\/wp\/v2\/media?parent=36468"}],"wp:term":[{"taxonomy":"category","embeddable":true,"href":"https:\/\/inces.gob.ve\/index.php\/wp-json\/wp\/v2\/categories?post=36468"},{"taxonomy":"post_tag","embeddable":true,"href":"https:\/\/inces.gob.ve\/index.php\/wp-json\/wp\/v2\/tags?post=36468"}],"curies":[{"name":"wp","href":"https:\/\/api.w.org\/{rel}","templated":true}]}}