{"id":36475,"date":"2020-12-02T01:44:30","date_gmt":"2020-12-02T05:44:30","guid":{"rendered":"https:\/\/inces.gob.ve\/?p=36475"},"modified":"2020-12-01T23:47:08","modified_gmt":"2020-12-02T03:47:08","slug":"falcon-en-mauroa-mujeres-aprendieron-reposteria-con-el-inces","status":"publish","type":"post","link":"https:\/\/inces.gob.ve\/index.php\/2020\/12\/02\/falcon-en-mauroa-mujeres-aprendieron-reposteria-con-el-inces\/","title":{"rendered":"FALC\u00d3N | En Mauroa mujeres aprendieron reposter\u00eda con el Inces"},"content":{"rendered":"<p lang=\"es-MX\" style=\"text-align: justify;\" align=\"center\"><strong><em><span style=\"font-size: 14pt;\">** 20 mujeres aprendieron a <span lang=\"es-ES\">e<\/span><span lang=\"es-ES\">laborar bizcochos, <\/span><span lang=\"es-ES\">diferentes tipos de <\/span><span lang=\"es-ES\">tortas, merengues, pastillaje<\/span><span lang=\"es-ES\">s,<\/span><span lang=\"es-ES\"> siguiendo los procedimientos t\u00e9cnicos establecidos y cumpliendo las normas de seguridad e higiene<\/span><\/span><\/em><\/strong><!--more--><\/p>\n<p lang=\"es-MX\" align=\"center\">\n<p lang=\"es-ES\" style=\"text-align: justify;\" align=\"justify\"><span style=\"font-size: 14pt;\">MIRIAM GONZ\u00c1LEZ VILLARROEL | Falc\u00f3n<\/span><\/p>\n<p lang=\"es-MX\" style=\"text-align: justify;\" align=\"justify\"><span style=\"font-size: 14pt;\">El Programa Turismo del centro de formaci\u00f3n socialista (CFS) \u201cJos\u00e9 Leonardo Chirino\u201d del Inces Falc\u00f3n, durante el a\u00f1o 2020 y a pesar de las dificultades producidas por la pandemia, dio respuestas a las demandas formativas de las comunidades del municipio Mauroa, al occidente de Falc\u00f3n.<\/span><\/p>\n<p lang=\"es-MX\" align=\"justify\">\n<p lang=\"es-MX\" style=\"text-align: justify;\" align=\"justify\"><span style=\"font-size: 14pt;\">En esta oportunidad y ya para finalizar el plan formativo desarrollado en esa entidad durante el presente a\u00f1o, un grupo de 20 mujeres culminaron el <span lang=\"es-ES\">curso:<\/span><span lang=\"es-ES\">Reposter\u00eda,<\/span><span lang=\"es-ES\">opci\u00f3n formativa que dur\u00f3 346 horas de aprendizajes, ofreci\u00e9ndole a las participantes a trav\u00e9s de la maestra t\u00e9cnico productiva (MTP) Gladys Colina a d<\/span>ecorar tortas siguiendo las t\u00e9cnicas establecidas; igualmente, elaborar bizcochos, diferentes tipos de tortas, merengues, pastillajes, entre otros, siguiendo los procedimientos t\u00e9cnicos establecidos y cumpliendo las normas de seguridad e higiene. <\/span><\/p>\n<p lang=\"es-MX\" align=\"justify\">\n<p lang=\"es-MX\" style=\"text-align: justify;\" align=\"justify\"><span style=\"font-size: 14pt;\"><span lang=\"es-ES\">En esta oportunidad, la <\/span><span lang=\"es-ES\">gerente regional del Inces Falc\u00f3n, Eneyda Mart\u00ednez Rodr\u00edguez, reconoci\u00f3 el esfuerzo que hasta ahora vienen desarrollando l<\/span><span lang=\"es-ES\">as<\/span><span lang=\"es-ES\"> maestr<\/span><span lang=\"es-ES\">a<\/span><span lang=\"es-ES\">s t\u00e9cnicos productivos (MTP) <\/span><span lang=\"es-ES\">en esta zona de Falc\u00f3n,<\/span><span lang=\"es-ES\"> quienes <\/span><span lang=\"es-ES\">han orientado a los participantes a <\/span><span lang=\"es-ES\">genera<\/span><span lang=\"es-ES\">r s<\/span><span lang=\"es-ES\">ervicios <\/span><span lang=\"es-ES\">en<\/span><span lang=\"es-ES\"> la <\/span><span lang=\"es-ES\">entidad y de esta forma contribuir al desarrollo productivo, con<\/span><span lang=\"es-ES\"> alternativas viables y efectivas. <\/span><\/span><\/p>\n<p lang=\"es-MX\" align=\"justify\">\n<p lang=\"es-MX\" style=\"text-align: justify;\" align=\"justify\"><span style=\"font-size: 14pt;\"><span lang=\"es-ES\">Por su parte el jefe de la divisi\u00f3n de formaci\u00f3n profesional, Darwin Paredes <\/span><span lang=\"es-ES\">s<\/span><span lang=\"es-ES\">e\u00f1al\u00f3 y resalt\u00f3 la gesti\u00f3n del trabajo productivo en este municipio, precisando que la figura del MTP ha sido esencial en la educaci\u00f3n a distancia, generando orientaciones t\u00e9cnicas fundamentales para desarrollar las formaciones y creando un proceso interactivo entre los participantes <\/span><span lang=\"es-ES\">en la formaci\u00f3n y autoformaci\u00f3n.<\/span><\/span><\/p>\n<p lang=\"es-MX\" align=\"justify\">\n<p lang=\"es-MX\" style=\"text-align: justify;\" align=\"justify\"><span style=\"font-size: 14pt;\">Finalmente las participantes Yanky Moreno, Pastora S\u00e1nchez y Ana Pelufo agradecieron al Inces \u201cpor ser un pilar fundamental de la formaci\u00f3n socialista\u201d. Agradecieron al Inces a la gerente regional, Eneyda Mart\u00ednez; al jefe de Formaci\u00f3n Profesional, Darwin Paredes; a la coordinadora del Programa Turismo, Nancy Noguera y muy especialmente a la MTP Gladys Colina por su dedicaci\u00f3n y responsabilidad al otorgarles las herramientas para empoderarse de los conocimientos sobre el oficio productivo de la reposter\u00eda.<\/span><\/p>\n","protected":false},"excerpt":{"rendered":"<p>** 20 mujeres aprendieron a elaborar bizcochos, diferentes tipos de tortas, merengues, pastillajes, siguiendo los procedimientos t\u00e9cnicos establecidos y cumpliendo las normas de seguridad e higiene<\/p>\n","protected":false},"author":4,"featured_media":36476,"comment_status":"closed","ping_status":"closed","sticky":false,"template":"","format":"standard","meta":{"footnotes":""},"categories":[2],"tags":[81,241,240],"class_list":["post-36475","post","type-post","status-publish","format-standard","has-post-thumbnail","hentry","category-blog","tag-falcon","tag-mujeresproductivas","tag-reposteria"],"_links":{"self":[{"href":"https:\/\/inces.gob.ve\/index.php\/wp-json\/wp\/v2\/posts\/36475","targetHints":{"allow":["GET"]}}],"collection":[{"href":"https:\/\/inces.gob.ve\/index.php\/wp-json\/wp\/v2\/posts"}],"about":[{"href":"https:\/\/inces.gob.ve\/index.php\/wp-json\/wp\/v2\/types\/post"}],"author":[{"embeddable":true,"href":"https:\/\/inces.gob.ve\/index.php\/wp-json\/wp\/v2\/users\/4"}],"replies":[{"embeddable":true,"href":"https:\/\/inces.gob.ve\/index.php\/wp-json\/wp\/v2\/comments?post=36475"}],"version-history":[{"count":1,"href":"https:\/\/inces.gob.ve\/index.php\/wp-json\/wp\/v2\/posts\/36475\/revisions"}],"predecessor-version":[{"id":36477,"href":"https:\/\/inces.gob.ve\/index.php\/wp-json\/wp\/v2\/posts\/36475\/revisions\/36477"}],"wp:featuredmedia":[{"embeddable":true,"href":"https:\/\/inces.gob.ve\/index.php\/wp-json\/wp\/v2\/media\/36476"}],"wp:attachment":[{"href":"https:\/\/inces.gob.ve\/index.php\/wp-json\/wp\/v2\/media?parent=36475"}],"wp:term":[{"taxonomy":"category","embeddable":true,"href":"https:\/\/inces.gob.ve\/index.php\/wp-json\/wp\/v2\/categories?post=36475"},{"taxonomy":"post_tag","embeddable":true,"href":"https:\/\/inces.gob.ve\/index.php\/wp-json\/wp\/v2\/tags?post=36475"}],"curies":[{"name":"wp","href":"https:\/\/api.w.org\/{rel}","templated":true}]}}