{"id":36499,"date":"2020-12-04T02:21:29","date_gmt":"2020-12-04T06:21:29","guid":{"rendered":"https:\/\/inces.gob.ve\/?p=36499"},"modified":"2020-12-03T23:27:16","modified_gmt":"2020-12-04T03:27:16","slug":"aragua-cierre-de-formacion-de-bachilleres-se-realizo-en-la-empresa-cacique-maracay","status":"publish","type":"post","link":"https:\/\/inces.gob.ve\/index.php\/2020\/12\/04\/aragua-cierre-de-formacion-de-bachilleres-se-realizo-en-la-empresa-cacique-maracay\/","title":{"rendered":"ARAGUA | Cierre de formaci\u00f3n de Bachilleres se realiz\u00f3 en la empresa Cacique Maracay"},"content":{"rendered":"<p style=\"text-align: justify;\" align=\"center\"><em><b>** El fin de un ciclo para nuestros estudiantes es un gran paso para la Patria<\/b><\/em><!--more--><\/p>\n<p align=\"center\">\n<p><span><b>NINOSKA PATRIZ | ARAGUA<\/b><\/span><\/p>\n<p align=\"justify\">Desde las instalaciones del Inces Regi\u00f3n Aragua, se realiz\u00f3 con \u00e9xito la socializaci\u00f3n de saberes del grupo de Bachillerato Productivo 2019-2020 correspondiente a la primera cohorte de trabajadores de la Empresa Productiva Cacique Maracay. El encuentro inici\u00f3 desde las 8:00 y culmin\u00f3 en horas del medio d\u00eda, cumpliendo con todas las medidas preventivas de seguridad contra el contagio del COVID-9.<\/p>\n<p align=\"justify\">\n<p align=\"justify\">Un excelente equipo de trabajo hizo acompa\u00f1amiento a los trabajadores hasta la llegada del d\u00eda en que se desarroll\u00f3 la Defensa de Grado o Exposici\u00f3n final seg\u00fan las diversas \u00e1reas de conocimiento de acuerdo con la planificaci\u00f3n que maneja la Unidad Educativa de Adultos y Adultas B\u00e1sica Inces Aragua. En la misma se diO cita desde la Divisi\u00f3n de Formaci\u00f3n Permanente, donde la profesora Milagros L\u00f3pez, es la jefa<\/p>\n<p align=\"justify\">\n<p align=\"justify\">Cabe resaltar que el esfuerzo de los trabajadores se ve reflejado en sus portafolios y rostros de alegr\u00eda. Sabiendo que este es tan solo un paso, de muchos en su continua formaci\u00f3n. Ya puede decirse que cada uno de los trabajadores que culmin\u00f3 acad\u00e9micamente son Bachilleres de la Rep\u00fablica Bolivariana de Venezuela, a\u00fan en tiempos de Pandemia.<\/p>\n<p align=\"justify\">\n<p align=\"justify\">Tambi\u00e9n estuvieron presentes en la actividad la jefa de la UEA Inces Aragua, Mar\u00eda Jos\u00e9 D\u00edaz y los profesores: Carmen Jaramillo, Orlando Polo, Neira Cervita y H\u00e9ctor Z\u00e1rate. Estos orientaron a los participantes en los pr\u00f3ximos pasos a seguir y les felicitaron por el logro eficiente de una meta de gran importancia en sus vidas. D\u00edaz tambi\u00e9n les record\u00f3: \u201cSigan cosechando \u00e9xitos y triunfos a nivel laboral, pues el camino reci\u00e9n comienza y todos somos importantes para la patria\u201d.<\/p>\n","protected":false},"excerpt":{"rendered":"<p>** El fin de un ciclo para nuestros estudiantes es un gran paso para la Patria<\/p>\n","protected":false},"author":4,"featured_media":36500,"comment_status":"closed","ping_status":"closed","sticky":false,"template":"","format":"standard","meta":{"footnotes":""},"categories":[2],"tags":[86,139],"class_list":["post-36499","post","type-post","status-publish","format-standard","has-post-thumbnail","hentry","category-blog","tag-aragua","tag-bachilleratoproductivo"],"_links":{"self":[{"href":"https:\/\/inces.gob.ve\/index.php\/wp-json\/wp\/v2\/posts\/36499","targetHints":{"allow":["GET"]}}],"collection":[{"href":"https:\/\/inces.gob.ve\/index.php\/wp-json\/wp\/v2\/posts"}],"about":[{"href":"https:\/\/inces.gob.ve\/index.php\/wp-json\/wp\/v2\/types\/post"}],"author":[{"embeddable":true,"href":"https:\/\/inces.gob.ve\/index.php\/wp-json\/wp\/v2\/users\/4"}],"replies":[{"embeddable":true,"href":"https:\/\/inces.gob.ve\/index.php\/wp-json\/wp\/v2\/comments?post=36499"}],"version-history":[{"count":1,"href":"https:\/\/inces.gob.ve\/index.php\/wp-json\/wp\/v2\/posts\/36499\/revisions"}],"predecessor-version":[{"id":36501,"href":"https:\/\/inces.gob.ve\/index.php\/wp-json\/wp\/v2\/posts\/36499\/revisions\/36501"}],"wp:featuredmedia":[{"embeddable":true,"href":"https:\/\/inces.gob.ve\/index.php\/wp-json\/wp\/v2\/media\/36500"}],"wp:attachment":[{"href":"https:\/\/inces.gob.ve\/index.php\/wp-json\/wp\/v2\/media?parent=36499"}],"wp:term":[{"taxonomy":"category","embeddable":true,"href":"https:\/\/inces.gob.ve\/index.php\/wp-json\/wp\/v2\/categories?post=36499"},{"taxonomy":"post_tag","embeddable":true,"href":"https:\/\/inces.gob.ve\/index.php\/wp-json\/wp\/v2\/tags?post=36499"}],"curies":[{"name":"wp","href":"https:\/\/api.w.org\/{rel}","templated":true}]}}