{"id":36507,"date":"2020-12-06T16:50:36","date_gmt":"2020-12-06T20:50:36","guid":{"rendered":"https:\/\/inces.gob.ve\/?p=36507"},"modified":"2020-12-06T16:50:36","modified_gmt":"2020-12-06T20:50:36","slug":"el-pueblo-venezolano-tomo-la-decision-de-cambiar-la-historia-y-eligio-al-comandante-hugo-chavez-como-presidente-de-la-republica","status":"publish","type":"post","link":"https:\/\/inces.gob.ve\/index.php\/2020\/12\/06\/el-pueblo-venezolano-tomo-la-decision-de-cambiar-la-historia-y-eligio-al-comandante-hugo-chavez-como-presidente-de-la-republica\/","title":{"rendered":"El pueblo venezolano tom\u00f3 la decisi\u00f3n de cambiar la historia y eligi\u00f3 al Comandante Hugo Ch\u00e1vez como presidente de la Rep\u00fablica."},"content":{"rendered":"<p align=\"justify\"><em><b>**1995 y 1998 el Presidente Hugo Ch\u00e1vez Fr\u00edas, decidi\u00f3 iniciar el movimiento pol\u00edtico-electoral, con el Partido Movimiento Quinta Rep\u00fablica (MVR)<\/b><\/em><!--more--><\/p>\n<p align=\"justify\">\n<p align=\"justify\"><b>RODIN BUSTILLOS<\/b><\/p>\n<p align=\"justify\"><b>Ch\u00e1vez, entre 1995 y 1997 recorri\u00f3 Venezuela, explicando su proyecto pol\u00edtico, que se bas\u00f3, principalmente, en la necesidad de convocar a una Asamblea Nacional Constituyente que \u201crefunde la Rep\u00fablica\u201d.<\/b><\/p>\n<p align=\"justify\">\n<p align=\"justify\">Dado el descontento que exist\u00eda en el pa\u00eds para con los partidos pol\u00edticos de Acci\u00f3n Democr\u00e1tica y Copei, se empieza una campa\u00f1a de no votar en las siguientes elecciones, alegando que era la mejor manera de demostrar que el pa\u00eds no quer\u00eda seguir con esas pol\u00edticas econ\u00f3micas, ni sociales, ni ciertos personajes pol\u00edticos.<\/p>\n<p align=\"justify\">\n<p align=\"justify\">Con el apoyo de pol\u00edticos como Jos\u00e9 Vicente Rangel, <b>se inici\u00f3 en la campa\u00f1a pol\u00edtica el cual tuvo tres principales contendientes: Irene S\u00e1ez Conde, Henrique Salas R\u00f6mer y Hugo Ch\u00e1vez Fr\u00edas, quien fue apoyado por el denominado \u201cPolo Patri\u00f3tico\u201d,<\/b> conformado por el Movimiento Quinta Rep\u00fablica (MVR), Movimiento al Socialismo (MAS), Partido Comunista de Venezuela (PCV), Patria Para Todos (PPT) y otras cuatro organizaciones menores.<\/p>\n<p align=\"justify\">\n<p align=\"justify\"><a name=\"_GoBack\"><\/a> El candidato del otro muy fuerte partido, Acci\u00f3n Democr\u00e1tica, Alfaro Ucero, nunca logr\u00f3 sobrepasar el 2% en las intenciones de voto.<\/p>\n<p align=\"justify\">\n<p align=\"justify\"><b>Pr\u00e1cticamente toda la izquierda venezolana se hab\u00eda alineado con Ch\u00e1vez. Ya para mediados de 1998, Hugo Ch\u00e1vez era el primero en todas las encuestas. <\/b><\/p>\n<p align=\"justify\">\n<p align=\"justify\"><b>El 8 de noviembre se realizaron las elecciones parlamentarias. El MVR obtiene 49 de los 189 esca\u00f1os de la C\u00e1mara de Diputados y el 21,3% de los votos. Se demostraba que era la segunda fuerza pol\u00edtica del pa\u00eds.<\/b><\/p>\n<p align=\"justify\">\n<p align=\"justify\"><b>El 6 de diciembre, es electo, Hugo Ch\u00e1vez Fr\u00edas, Presidente de Venezuela con el 56,5% de los votos.<\/b><\/p>\n","protected":false},"excerpt":{"rendered":"<p>**1995 y 1998 el Presidente Hugo Ch\u00e1vez Fr\u00edas, decidi\u00f3 iniciar el movimiento pol\u00edtico-electoral, con el Partido Movimiento Quinta Rep\u00fablica (MVR)<\/p>\n","protected":false},"author":4,"featured_media":36508,"comment_status":"closed","ping_status":"closed","sticky":false,"template":"","format":"standard","meta":{"footnotes":""},"categories":[2],"tags":[144],"class_list":["post-36507","post","type-post","status-publish","format-standard","has-post-thumbnail","hentry","category-blog","tag-efemerides"],"_links":{"self":[{"href":"https:\/\/inces.gob.ve\/index.php\/wp-json\/wp\/v2\/posts\/36507","targetHints":{"allow":["GET"]}}],"collection":[{"href":"https:\/\/inces.gob.ve\/index.php\/wp-json\/wp\/v2\/posts"}],"about":[{"href":"https:\/\/inces.gob.ve\/index.php\/wp-json\/wp\/v2\/types\/post"}],"author":[{"embeddable":true,"href":"https:\/\/inces.gob.ve\/index.php\/wp-json\/wp\/v2\/users\/4"}],"replies":[{"embeddable":true,"href":"https:\/\/inces.gob.ve\/index.php\/wp-json\/wp\/v2\/comments?post=36507"}],"version-history":[{"count":1,"href":"https:\/\/inces.gob.ve\/index.php\/wp-json\/wp\/v2\/posts\/36507\/revisions"}],"predecessor-version":[{"id":36509,"href":"https:\/\/inces.gob.ve\/index.php\/wp-json\/wp\/v2\/posts\/36507\/revisions\/36509"}],"wp:featuredmedia":[{"embeddable":true,"href":"https:\/\/inces.gob.ve\/index.php\/wp-json\/wp\/v2\/media\/36508"}],"wp:attachment":[{"href":"https:\/\/inces.gob.ve\/index.php\/wp-json\/wp\/v2\/media?parent=36507"}],"wp:term":[{"taxonomy":"category","embeddable":true,"href":"https:\/\/inces.gob.ve\/index.php\/wp-json\/wp\/v2\/categories?post=36507"},{"taxonomy":"post_tag","embeddable":true,"href":"https:\/\/inces.gob.ve\/index.php\/wp-json\/wp\/v2\/tags?post=36507"}],"curies":[{"name":"wp","href":"https:\/\/api.w.org\/{rel}","templated":true}]}}