{"id":36510,"date":"2020-12-07T08:08:09","date_gmt":"2020-12-07T12:08:09","guid":{"rendered":"https:\/\/inces.gob.ve\/?p=36510"},"modified":"2020-12-07T08:08:09","modified_gmt":"2020-12-07T12:08:09","slug":"aragua-la-epa-la-providencia-sigue-siendo-ejemplo-emblematico-de-excelencia-inces","status":"publish","type":"post","link":"https:\/\/inces.gob.ve\/index.php\/2020\/12\/07\/aragua-la-epa-la-providencia-sigue-siendo-ejemplo-emblematico-de-excelencia-inces\/","title":{"rendered":"ARAGUA | La EPA \u201cLa Providencia\u201d sigue siendo ejemplo emblem\u00e1tico de excelencia Inces"},"content":{"rendered":"<p style=\"text-align: justify;\"><em><b>*** Superando dificultades se sigue adelante desde el \u201cproducir formando\u201d; as\u00ed lo afirm\u00f3 Mar\u00eda Adarmes, Jefa de Centro<\/b><\/em><!--more--><\/p>\n<p style=\"text-align: justify;\"><b>\u00a0<\/b><\/p>\n<p style=\"text-align: justify;\"><b>NINOSKA PATRIZ<\/b><\/p>\n<p style=\"text-align: justify;\">\n<p style=\"text-align: justify;\">El equipo \u00a0de la Escuela Pr\u00e1ctica de Agricultura \u201cLa Providencia\u201d del Inces regi\u00f3n Aragua, realiz\u00f3 una importante reuni\u00f3n de trabajo en la cual se realiz\u00f3 una entrega de gesti\u00f3n individual del personal administrativo, docente, (maestros t\u00e9cnicos productivos y voluntarios, MTV \/ MTP). Siempre respetando y resaltando los cuidados y medidas de seguridad consideradas en los diferentes espacios y formatos y productivos.<\/p>\n<p style=\"text-align: justify;\">\n<p style=\"text-align: justify;\">Del mismo modo se agradeci\u00f3 la presencia del enlace de la alcald\u00eda de Linares Alc\u00e1ntara en l\u00ednea, as\u00ed como el apoyo de los municipios Mari\u00f1o, Girardot, Cagua y las diferentes unidades Educativas donde se desarrollaron huertos escolares y siembra de hortalizas o Patios Productivos.<\/p>\n<p style=\"text-align: justify;\">\n<p style=\"text-align: justify;\">Tambi\u00e9n se exhort\u00f3 al equipo a seguir con mucha prudencia, tomando en cuenta\u00a0 todas las medidas sanitarias para la prevenci\u00f3n del COVID19, ya que en el transcurso del mes de marzo hasta la fecha, lamentablemente esta enfermedad toc\u00f3 a los hogares y familiares de 04 de los trabajadores quienes, a pesar de dar la lucha, perdieron la batalla contra este virus. A ellos nuestras palabras de condolencias.<\/p>\n<p style=\"text-align: justify;\">\n<p style=\"text-align: justify;\">Por otra parte, se reiteraron los lineamientos orientados desde la gerencia, en cuanto al seguimiento formativo y el desarrollo de cursos y actividades en modalidad semipresencial y virtual para el venidero 2021. Esto seg\u00fan lo establecido por el Ministerio del Poder Popular Para la Educaci\u00f3n.<\/p>\n<p style=\"text-align: justify;\">\n<p style=\"text-align: justify;\">La reuni\u00f3n cerr\u00f3 con un balance positivo reflejo del esfuerzo y constancia de los trabajadores de esta Instituci\u00f3n, contando con el acompa\u00f1amiento de la profesora Mar\u00eda Milagros Gonz\u00e1lez, representante de la Gerencia de Formaci\u00f3n Profesional. Finalmente se envi\u00f3 a la comunidad estudiantil un saludo de inicio de la \u00e9poca navide\u00f1a por parte de la ingeniero Mariang\u00e9lica\u00a0 Adarmes Jefa del centro dentro de la gran familia Inces.<\/p>\n","protected":false},"excerpt":{"rendered":"<p>*** Superando dificultades se sigue adelante desde el \u201cproducir formando\u201d; as\u00ed lo afirm\u00f3 Mar\u00eda Adarmes, Jefa de Centro<\/p>\n","protected":false},"author":4,"featured_media":36511,"comment_status":"closed","ping_status":"closed","sticky":false,"template":"","format":"standard","meta":{"footnotes":""},"categories":[2],"tags":[86],"class_list":["post-36510","post","type-post","status-publish","format-standard","has-post-thumbnail","hentry","category-blog","tag-aragua"],"_links":{"self":[{"href":"https:\/\/inces.gob.ve\/index.php\/wp-json\/wp\/v2\/posts\/36510","targetHints":{"allow":["GET"]}}],"collection":[{"href":"https:\/\/inces.gob.ve\/index.php\/wp-json\/wp\/v2\/posts"}],"about":[{"href":"https:\/\/inces.gob.ve\/index.php\/wp-json\/wp\/v2\/types\/post"}],"author":[{"embeddable":true,"href":"https:\/\/inces.gob.ve\/index.php\/wp-json\/wp\/v2\/users\/4"}],"replies":[{"embeddable":true,"href":"https:\/\/inces.gob.ve\/index.php\/wp-json\/wp\/v2\/comments?post=36510"}],"version-history":[{"count":1,"href":"https:\/\/inces.gob.ve\/index.php\/wp-json\/wp\/v2\/posts\/36510\/revisions"}],"predecessor-version":[{"id":36512,"href":"https:\/\/inces.gob.ve\/index.php\/wp-json\/wp\/v2\/posts\/36510\/revisions\/36512"}],"wp:featuredmedia":[{"embeddable":true,"href":"https:\/\/inces.gob.ve\/index.php\/wp-json\/wp\/v2\/media\/36511"}],"wp:attachment":[{"href":"https:\/\/inces.gob.ve\/index.php\/wp-json\/wp\/v2\/media?parent=36510"}],"wp:term":[{"taxonomy":"category","embeddable":true,"href":"https:\/\/inces.gob.ve\/index.php\/wp-json\/wp\/v2\/categories?post=36510"},{"taxonomy":"post_tag","embeddable":true,"href":"https:\/\/inces.gob.ve\/index.php\/wp-json\/wp\/v2\/tags?post=36510"}],"curies":[{"name":"wp","href":"https:\/\/api.w.org\/{rel}","templated":true}]}}