{"id":36548,"date":"2020-12-09T15:18:53","date_gmt":"2020-12-09T19:18:53","guid":{"rendered":"https:\/\/inces.gob.ve\/?p=36548"},"modified":"2020-12-09T15:24:08","modified_gmt":"2020-12-09T19:24:08","slug":"distrito-capital-culmina-con-exito-taller-de-elaboracion-de-bolsos-y-morrales-en-tela","status":"publish","type":"post","link":"https:\/\/inces.gob.ve\/index.php\/2020\/12\/09\/distrito-capital-culmina-con-exito-taller-de-elaboracion-de-bolsos-y-morrales-en-tela\/","title":{"rendered":"DISTRITO CAPITAL | Culmina con \u00e9xito taller de Elaboraci\u00f3n de Bolsos y Morrales en Tela"},"content":{"rendered":"<p class=\"western\" lang=\"es-VE\" align=\"justify\"><span style=\"color: #0f1419;\"><span style=\"font-family: Times New Roman, serif;\"><span style=\"font-size: medium;\"><span lang=\"es-ES\"><i><b>***El taller forma parte de la oferta formativo-productiva del Inces, en el cual, adem\u00e1s de aprender herramientas y t\u00e9cnicas para la confecci\u00f3n y el dise\u00f1o, las participantes obtienen orientaciones para el emprendimiento<\/b><\/i><\/span><\/span><\/span><\/span><!--more--><\/p>\n<p align=\"justify\">\n<p class=\"western\" align=\"justify\"><span style=\"color: #0f1419;\"><span style=\"font-family: Times New Roman, serif;\"><span style=\"font-size: medium;\"><b>LORENA ALMARZA<\/b><\/span><\/span><\/span><\/p>\n<p class=\"western\" lang=\"es-VE\" align=\"justify\"><span style=\"color: #0f1419;\"><span style=\"font-family: Times New Roman, serif;\"><span style=\"font-size: medium;\"><span lang=\"es-ES\">Gracias al compromiso de la maestra t\u00e9cnico productiva Nancy Aldana del centro de formaci\u00f3n Luis Beltr\u00e1n Prieto Figueroa, <\/span><\/span><\/span><\/span><span style=\"color: #0f1419;\"><span style=\"font-family: Times New Roman, serif;\"><span style=\"font-size: medium;\"><span lang=\"es-ES\"><b>bajo la modalidad a distancia, mujeres emprendedoras <a href=\"https:\/\/twitter.com\/CFSLBPF_DC\/status\/1336001442017140738?s=20\">aprendieron a confeccionar bolsos y morrales de tela<\/a>. <\/b><\/span><\/span><\/span><\/span><\/p>\n<p lang=\"es-VE\" align=\"justify\">\n<p class=\"western\" lang=\"es-VE\" align=\"justify\"><span style=\"font-family: Times New Roman, serif;\"><span style=\"font-size: medium;\">Durante este tiempo las participantes obtuvieron la <\/span><\/span><span style=\"font-family: Times New Roman, serif;\"><span style=\"font-size: medium;\"><b>formaci\u00f3n te\u00f3rica y pr\u00e1ctica <\/b><\/span><\/span><span style=\"font-family: Times New Roman, serif;\"><span style=\"font-size: medium;\">en la elaboraci\u00f3n de patrones, corte de piezas, costura a m\u00e1quina y generalidades de la costura; <\/span><\/span><span style=\"font-family: Times New Roman, serif;\"><span style=\"font-size: medium;\"><b>as\u00ed como contenido relacionado con el trabajo integrador<\/b><\/span><\/span><span style=\"font-family: Times New Roman, serif;\"><span style=\"font-size: medium;\">.<\/span><\/span><\/p>\n","protected":false},"excerpt":{"rendered":"<p>***El taller forma parte de la oferta formativo-productiva del Inces, en el cual, adem\u00e1s de aprender herramientas y t\u00e9cnicas para la confecci\u00f3n y el dise\u00f1o, las participantes obtienen orientaciones para el emprendimiento<\/p>\n","protected":false},"author":4,"featured_media":36549,"comment_status":"closed","ping_status":"closed","sticky":false,"template":"","format":"standard","meta":{"footnotes":""},"categories":[2],"tags":[248],"class_list":["post-36548","post","type-post","status-publish","format-standard","has-post-thumbnail","hentry","category-blog","tag-dttocapital"],"_links":{"self":[{"href":"https:\/\/inces.gob.ve\/index.php\/wp-json\/wp\/v2\/posts\/36548","targetHints":{"allow":["GET"]}}],"collection":[{"href":"https:\/\/inces.gob.ve\/index.php\/wp-json\/wp\/v2\/posts"}],"about":[{"href":"https:\/\/inces.gob.ve\/index.php\/wp-json\/wp\/v2\/types\/post"}],"author":[{"embeddable":true,"href":"https:\/\/inces.gob.ve\/index.php\/wp-json\/wp\/v2\/users\/4"}],"replies":[{"embeddable":true,"href":"https:\/\/inces.gob.ve\/index.php\/wp-json\/wp\/v2\/comments?post=36548"}],"version-history":[{"count":2,"href":"https:\/\/inces.gob.ve\/index.php\/wp-json\/wp\/v2\/posts\/36548\/revisions"}],"predecessor-version":[{"id":36553,"href":"https:\/\/inces.gob.ve\/index.php\/wp-json\/wp\/v2\/posts\/36548\/revisions\/36553"}],"wp:featuredmedia":[{"embeddable":true,"href":"https:\/\/inces.gob.ve\/index.php\/wp-json\/wp\/v2\/media\/36549"}],"wp:attachment":[{"href":"https:\/\/inces.gob.ve\/index.php\/wp-json\/wp\/v2\/media?parent=36548"}],"wp:term":[{"taxonomy":"category","embeddable":true,"href":"https:\/\/inces.gob.ve\/index.php\/wp-json\/wp\/v2\/categories?post=36548"},{"taxonomy":"post_tag","embeddable":true,"href":"https:\/\/inces.gob.ve\/index.php\/wp-json\/wp\/v2\/tags?post=36548"}],"curies":[{"name":"wp","href":"https:\/\/api.w.org\/{rel}","templated":true}]}}