{"id":36551,"date":"2020-12-09T15:23:26","date_gmt":"2020-12-09T19:23:26","guid":{"rendered":"https:\/\/inces.gob.ve\/?p=36551"},"modified":"2020-12-09T15:26:34","modified_gmt":"2020-12-09T19:26:34","slug":"cojedes-la-juventud-se-sumo-al-ejercicio-de-la-democracia-y-defensa-de-la-soberania","status":"publish","type":"post","link":"https:\/\/inces.gob.ve\/index.php\/2020\/12\/09\/cojedes-la-juventud-se-sumo-al-ejercicio-de-la-democracia-y-defensa-de-la-soberania\/","title":{"rendered":"COJEDES | La juventud se sum\u00f3 al ejercicio de la democracia y defensa de la soberan\u00eda"},"content":{"rendered":"<p class=\"western\" lang=\"es-VE\" align=\"justify\"><span style=\"color: #0f1419;\"><span style=\"font-family: Times New Roman, serif;\"><span style=\"font-size: medium;\"><span lang=\"es-ES\"><i><b>**Comprometidos con la soberan\u00eda y la defensa de la Patria, la juventud del Inces particip\u00f3 en el proceso electoral de las parlamentarias 2020 del pasado domingo.<\/b><\/i><\/span><\/span><\/span><\/span><!--more--><\/p>\n<p align=\"justify\">\n<p class=\"western\" align=\"justify\"><span style=\"color: #0f1419;\"><span style=\"font-family: Times New Roman, serif;\"><span style=\"font-size: medium;\"><b>LORENA ALMARZA<\/b><\/span><\/span><\/span><\/p>\n<p class=\"western\" lang=\"es-VE\" align=\"justify\"><span style=\"color: #0f1419;\"><span style=\"font-family: Times New Roman, serif;\"><span style=\"font-size: medium;\"><span lang=\"es-ES\">Este domingo 7 de diciembre, la <\/span><\/span><\/span><\/span><span style=\"color: #3366ff;\"><a style=\"color: #3366ff;\" href=\"https:\/\/twitter.com\/INCESCOJEDES\/status\/1335702441287966722?s=20\"><span style=\"font-family: Times New Roman, serif;\"><span style=\"font-size: medium;\"><span lang=\"es-ES\"><b>juventud venezolana ejerci\u00f3 su derecho y deber al voto<\/b><\/span><\/span><\/span><\/a><\/span><span style=\"color: #0f1419;\"><span style=\"font-family: Times New Roman, serif;\"><span style=\"font-size: medium;\"><span lang=\"es-ES\">, en proceso convocado, para elegir una <\/span><\/span><\/span><\/span><span style=\"color: #0f1419;\"><span style=\"font-family: Times New Roman, serif;\"><span style=\"font-size: medium;\"><span lang=\"es-ES\"><b>nueva Asamblea Nacional que trabaje de cara a las necesidades del pueblo venezolano y a la construcci\u00f3n de una patria libre y soberana. <\/b><\/span><\/span><\/span><\/span><\/p>\n<p lang=\"es-VE\" align=\"justify\">\n<p class=\"western\" lang=\"es-VE\" align=\"justify\"><span style=\"color: #0f1419;\"><span style=\"font-family: Times New Roman, serif;\"><span style=\"font-size: medium;\"><span lang=\"es-ES\">Para tan magn\u00e1nimo evento, e<\/span><\/span><\/span><\/span><span style=\"color: #0f1419;\"><span style=\"font-family: Times New Roman, serif;\"><span style=\"font-size: medium;\"><span lang=\"es-ES\"><b>l Consejo Nacional Electoral <\/b><\/span><\/span><\/span><\/span><span style=\"color: #0f1419;\"><span style=\"font-family: Times New Roman, serif;\"><span style=\"font-size: medium;\"><b>habilit\u00f3 14.221 centros de votaci\u00f3n,<\/b><\/span><\/span><\/span><span style=\"color: #0f1419;\"><span style=\"font-family: Times New Roman, serif;\"><span style=\"font-size: medium;\"> a fin de que 20.733.941 personas, <\/span><\/span><\/span><span style=\"color: #0f1419;\"><span style=\"font-family: Times New Roman, serif;\"><span style=\"font-size: medium;\"><b>eligieran a 277 diputados, bajo el acompa\u00f1amiento de 300 representantes de m\u00e1s de 34 pa\u00edses.<\/b><\/span><\/span><\/span><\/p>\n<p class=\"western\" lang=\"es-VE\">\n","protected":false},"excerpt":{"rendered":"<p>**Comprometidos con la soberan\u00eda y la defensa de la Patria, la juventud del Inces particip\u00f3 en el proceso electoral de las parlamentarias 2020 del pasado domingo.<\/p>\n","protected":false},"author":4,"featured_media":36368,"comment_status":"closed","ping_status":"closed","sticky":false,"template":"","format":"standard","meta":{"footnotes":""},"categories":[2],"tags":[],"class_list":["post-36551","post","type-post","status-publish","format-standard","has-post-thumbnail","hentry","category-blog"],"_links":{"self":[{"href":"https:\/\/inces.gob.ve\/index.php\/wp-json\/wp\/v2\/posts\/36551","targetHints":{"allow":["GET"]}}],"collection":[{"href":"https:\/\/inces.gob.ve\/index.php\/wp-json\/wp\/v2\/posts"}],"about":[{"href":"https:\/\/inces.gob.ve\/index.php\/wp-json\/wp\/v2\/types\/post"}],"author":[{"embeddable":true,"href":"https:\/\/inces.gob.ve\/index.php\/wp-json\/wp\/v2\/users\/4"}],"replies":[{"embeddable":true,"href":"https:\/\/inces.gob.ve\/index.php\/wp-json\/wp\/v2\/comments?post=36551"}],"version-history":[{"count":3,"href":"https:\/\/inces.gob.ve\/index.php\/wp-json\/wp\/v2\/posts\/36551\/revisions"}],"predecessor-version":[{"id":36555,"href":"https:\/\/inces.gob.ve\/index.php\/wp-json\/wp\/v2\/posts\/36551\/revisions\/36555"}],"wp:featuredmedia":[{"embeddable":true,"href":"https:\/\/inces.gob.ve\/index.php\/wp-json\/wp\/v2\/media\/36368"}],"wp:attachment":[{"href":"https:\/\/inces.gob.ve\/index.php\/wp-json\/wp\/v2\/media?parent=36551"}],"wp:term":[{"taxonomy":"category","embeddable":true,"href":"https:\/\/inces.gob.ve\/index.php\/wp-json\/wp\/v2\/categories?post=36551"},{"taxonomy":"post_tag","embeddable":true,"href":"https:\/\/inces.gob.ve\/index.php\/wp-json\/wp\/v2\/tags?post=36551"}],"curies":[{"name":"wp","href":"https:\/\/api.w.org\/{rel}","templated":true}]}}