{"id":36560,"date":"2020-12-10T07:03:00","date_gmt":"2020-12-10T11:03:00","guid":{"rendered":"https:\/\/inces.gob.ve\/?p=36560"},"modified":"2020-12-10T08:52:04","modified_gmt":"2020-12-10T12:52:04","slug":"que-se-viene-en-el-2021","status":"publish","type":"post","link":"https:\/\/inces.gob.ve\/index.php\/2020\/12\/10\/que-se-viene-en-el-2021\/","title":{"rendered":"\u00bfQU\u00c9 SE VIENE EN EL 2021?"},"content":{"rendered":"<p style=\"text-align: justify;\"><em><strong>** Escucha este jueves 10 de diciembre, a las 10:00 a.m. nuestro programa Somos Inces Radio, por el dial 95.9, la se\u00f1al de Radio Miraflores<\/strong><\/em><!--more--><\/p>\n<p style=\"text-align: justify;\"><strong>LONGINA TOVAR<\/strong><\/p>\n<p style=\"text-align: justify;\">Este jueves 10 de diciembre Somos Inces Radio arriba a su 4to aniversario y para celebrarlo tendr\u00e1 como invitado especial al presidente de la instituci\u00f3n, Wuikelman Angel, quien har\u00e1 algunos anuncios respecto a la formaci\u00f3n t\u00e9cnica profesional en el venidero 2021.<\/p>\n<p style=\"text-align: justify;\">\n<p style=\"text-align: justify;\">Luego de un a\u00f1o de pandemia y vicisitudes pol\u00edticas y econ\u00f3micas, el Inces se super\u00f3 as\u00ed mismo para no detener la formaci\u00f3n; aunado a ello, se plante\u00f3 nuevos escenarios para 2021, aspectos que Angel desarrollara en una hora de programa.<\/p>\n<p>&nbsp;<\/p>\n<p>Asimismo, conoceremos el balance de 2020 y algunas sorpresas m\u00e1s<\/p>\n<p style=\"text-align: justify;\">\n<p style=\"text-align: justify;\">Recuerda la cita es en Radio Miraflores por el dial 95.9, a las 10:00 a.m., o esc\u00fachalo en Internet a trav\u00e9s de <a href=\"http:\/\/radiomiraflores.net.ve\/\">este enlace<\/a>.<\/p>\n<p style=\"text-align: justify;\">\n","protected":false},"excerpt":{"rendered":"<p>** Escucha este jueves 10 de diciembre, a las 10:00 a.m. nuestro programa Somos Inces Radio, por el dial 95.9, la se\u00f1al de Radio Miraflores<\/p>\n","protected":false},"author":4,"featured_media":36561,"comment_status":"closed","ping_status":"closed","sticky":false,"template":"","format":"standard","meta":{"footnotes":""},"categories":[2],"tags":[186],"class_list":["post-36560","post","type-post","status-publish","format-standard","has-post-thumbnail","hentry","category-blog","tag-somosincesradio"],"_links":{"self":[{"href":"https:\/\/inces.gob.ve\/index.php\/wp-json\/wp\/v2\/posts\/36560","targetHints":{"allow":["GET"]}}],"collection":[{"href":"https:\/\/inces.gob.ve\/index.php\/wp-json\/wp\/v2\/posts"}],"about":[{"href":"https:\/\/inces.gob.ve\/index.php\/wp-json\/wp\/v2\/types\/post"}],"author":[{"embeddable":true,"href":"https:\/\/inces.gob.ve\/index.php\/wp-json\/wp\/v2\/users\/4"}],"replies":[{"embeddable":true,"href":"https:\/\/inces.gob.ve\/index.php\/wp-json\/wp\/v2\/comments?post=36560"}],"version-history":[{"count":1,"href":"https:\/\/inces.gob.ve\/index.php\/wp-json\/wp\/v2\/posts\/36560\/revisions"}],"predecessor-version":[{"id":36562,"href":"https:\/\/inces.gob.ve\/index.php\/wp-json\/wp\/v2\/posts\/36560\/revisions\/36562"}],"wp:featuredmedia":[{"embeddable":true,"href":"https:\/\/inces.gob.ve\/index.php\/wp-json\/wp\/v2\/media\/36561"}],"wp:attachment":[{"href":"https:\/\/inces.gob.ve\/index.php\/wp-json\/wp\/v2\/media?parent=36560"}],"wp:term":[{"taxonomy":"category","embeddable":true,"href":"https:\/\/inces.gob.ve\/index.php\/wp-json\/wp\/v2\/categories?post=36560"},{"taxonomy":"post_tag","embeddable":true,"href":"https:\/\/inces.gob.ve\/index.php\/wp-json\/wp\/v2\/tags?post=36560"}],"curies":[{"name":"wp","href":"https:\/\/api.w.org\/{rel}","templated":true}]}}