{"id":36577,"date":"2020-12-10T13:00:33","date_gmt":"2020-12-10T17:00:33","guid":{"rendered":"https:\/\/inces.gob.ve\/?p=36577"},"modified":"2020-12-10T13:39:53","modified_gmt":"2020-12-10T17:39:53","slug":"mas-de-419-mil-venezolanos-formados-en-el-inces-fue-el-saldo-de-2020","status":"publish","type":"post","link":"https:\/\/inces.gob.ve\/index.php\/2020\/12\/10\/mas-de-419-mil-venezolanos-formados-en-el-inces-fue-el-saldo-de-2020\/","title":{"rendered":"M\u00e1s de 419 mil venezolanos formados en el Inces es el saldo de 2020"},"content":{"rendered":"<p align=\"justify\"><span style=\"font-family: Arial, sans-serif;\"><span style=\"font-size: medium;\"><i><b>** El programa aniversario de Somos Inces fue el escenario que permiti\u00f3 socializar el balance de los \u00faltimos 12 meses<\/b><\/i><\/span><\/span><!--more--><\/p>\n<p align=\"justify\"><span style=\"font-family: Arial, sans-serif;\"><span style=\"font-size: medium;\"><b>LONGINA TOVAR<\/b><\/span><\/span><\/p>\n<p align=\"justify\"><span style=\"font-family: Arial, sans-serif;\"><span style=\"font-size: medium;\">El Instituto Nacional de Capacitaci\u00f3n y Educaci\u00f3n Socialista (Inces) form\u00f3 en 2020 a 419.432 personas, gracias al empe\u00f1o de 2.334 maestros quienes con creatividad y disciplina lograron activar 2.574 aulas virtuales.<\/span><\/span><\/p>\n<p align=\"justify\">\n<p align=\"justify\"><span style=\"font-family: Arial, sans-serif;\"><span style=\"font-size: medium;\">El balance lo dio a conocer este jueves el presidente del Inces, Wuikelman Angel, a trav\u00e9s de la se\u00f1al de Radio Miraflores, en el espacio Somos Inces, el cual arrib\u00f3 a su 4to aniversario.<\/span><\/span><\/p>\n<p align=\"justify\">\n<p align=\"justify\"><span style=\"font-family: Arial, sans-serif;\"><span style=\"font-size: medium;\">A pesar de las circunstancia adversas, se logr\u00f3 cerrar el 2020 con 5.009 actividades formativas, todas ellas pertinentes a la realidad econ\u00f3mica y geogr\u00e1fica de Venezuela, y con el claro objetivo de hacer un aporte puntual al aparato productivo nacional.<\/span><\/span><\/p>\n<p align=\"justify\">\n<p align=\"justify\"><img loading=\"lazy\" decoding=\"async\" class=\"size-full wp-image-36579 aligncenter\" src=\"https:\/\/inces.gob.ve\/wp-content\/uploads\/2020\/12\/WhatsApp-Image-2020-12-10-at-11.01.27-AM1.jpeg\" alt=\"\" width=\"754\" height=\"1008\"><\/p>\n<p align=\"justify\">\n<p align=\"justify\">\u201c<span style=\"font-family: Arial, sans-serif;\"><span style=\"font-size: medium;\">La formaci\u00f3n que damos en nuestras aulas, la capacitaci\u00f3n t\u00e9cnica, garantiza que el pueblo tenga el conocimiento y la pericia para producir los bienes y servicios que se requieren, lo que hace del Inces la instituci\u00f3n educativa m\u00e1s importante del pa\u00eds\u201d.<\/span><\/span><\/p>\n<p align=\"justify\">\n<p align=\"justify\">\u201c<span style=\"font-family: Arial, sans-serif;\"><span style=\"font-size: medium;\">En el Inces estamos conscientes de que gran parte de la educaci\u00f3n deber\u00eda enfocarse en producir los bienes y servicios que garanticen la independencia y soberan\u00eda y Venezuela cuenta con las condiciones para ello: tiene la materia prima, las condiciones geogr\u00e1ficas y ambientales, la capacidad, el talento, incluso la edad por tratarse un pueblo joven\u201d.<\/span><\/span><\/p>\n<p align=\"justify\">\n<p align=\"justify\"><span style=\"font-family: Arial, sans-serif;\"><span style=\"font-size: medium;\"><b>2021<\/b><\/span><\/span><\/p>\n<p align=\"justify\"><span style=\"font-family: Arial, sans-serif;\"><span style=\"font-size: medium;\">Durante la transmisi\u00f3n del programa Somos Inces, conducido por Luis J. Gonz\u00e1lez C. y Luis Angel Mat\u00ednez, el presidente de la sede formativa plante\u00f3 la necesidad de que la formaci\u00f3n t\u00e9cnica profesional de todo el pa\u00eds (Inces, escuelas t\u00e9cnicas, de artes y oficio, polit\u00e9rritoriales) funcionen bajo una rector\u00eda institucional organizada.<\/span><\/span><\/p>\n<p align=\"justify\">\n<p align=\"justify\"><span style=\"font-family: Arial, sans-serif;\"><span style=\"font-size: medium;\">Para poner en marcha esta idea, ya se comenz\u00f3 a trabajar con algunos viceministerios y se espera que en 2021 se pueda construir una pol\u00edtica p\u00fablica que abogue en favor de esta meta y de respuestas concretas a las necesidades que hay en el pa\u00eds.<\/span><\/span><\/p>\n<p align=\"justify\">\n<p align=\"justify\"><span style=\"font-family: Arial, sans-serif;\"><span style=\"font-size: medium;\">Insisti\u00f3 el presidente del Inces, que en el pr\u00f3ximo a\u00f1o, tomando en consideraci\u00f3n la experiencia de 2020, se pueda estrenar un aula virtual Inces que sea acorde y pertinente con las formaciones que dicta esta casa de estudio.<\/span><\/span><\/p>\n<p align=\"justify\">\n<img loading=\"lazy\" decoding=\"async\" class=\"alignnone wp-image-36581\" src=\"https:\/\/inces.gob.ve\/wp-content\/uploads\/2020\/12\/WhatsApp-Image-2020-12-10-at-11.01.27-AM.jpeg\" alt=\"\" width=\"350\" height=\"468\"> <img loading=\"lazy\" decoding=\"async\" class=\"alignnone wp-image-36580\" src=\"https:\/\/inces.gob.ve\/wp-content\/uploads\/2020\/12\/WhatsApp-Image-2020-12-10-at-11.01.27-AM2.jpeg\" alt=\"\" width=\"350\" height=\"468\"><\/p>\n<p align=\"justify\">\n<p align=\"justify\"><span style=\"font-family: Arial, sans-serif;\"><span style=\"font-size: medium;\"><b>PUNTO DE ATENCI\u00d3N PEDAG\u00d3GICO<\/b><\/span><\/span><\/p>\n<p align=\"justify\"><span style=\"font-family: Arial, sans-serif;\"><span style=\"font-size: medium;\">Los centros de formaci\u00f3n socialista, institutos docentes de acci\u00f3n delegada y las mismas comunidades, se convirtieron en puntos de apoyo pedag\u00f3gico, espacios necesarios para que los participantes del Inces pudiesen desarrollar las pr\u00e1cticas de sus oficios y aclarar cualquier duda.<\/span><\/span><\/p>\n<p align=\"justify\"><span style=\"font-family: Arial, sans-serif;\"><span style=\"font-size: medium;\">Este modelo, copiado del plan del Ministerio de Educaci\u00f3n, logr\u00f3 atender, previo cumplimiento estricto de las medidas de seguridad, a 23.014 participantes en 522 puntos de apoyo.<\/span><\/span><\/p>\n<p align=\"justify\">\n<p align=\"justify\">\n","protected":false},"excerpt":{"rendered":"<p>** El programa aniversario de Somos Inces fue el escenario que permiti\u00f3 socializar el balance de los \u00faltimos 12 meses<\/p>\n","protected":false},"author":4,"featured_media":36578,"comment_status":"closed","ping_status":"closed","sticky":false,"template":"","format":"standard","meta":{"footnotes":""},"categories":[2],"tags":[186],"class_list":["post-36577","post","type-post","status-publish","format-standard","has-post-thumbnail","hentry","category-blog","tag-somosincesradio"],"_links":{"self":[{"href":"https:\/\/inces.gob.ve\/index.php\/wp-json\/wp\/v2\/posts\/36577","targetHints":{"allow":["GET"]}}],"collection":[{"href":"https:\/\/inces.gob.ve\/index.php\/wp-json\/wp\/v2\/posts"}],"about":[{"href":"https:\/\/inces.gob.ve\/index.php\/wp-json\/wp\/v2\/types\/post"}],"author":[{"embeddable":true,"href":"https:\/\/inces.gob.ve\/index.php\/wp-json\/wp\/v2\/users\/4"}],"replies":[{"embeddable":true,"href":"https:\/\/inces.gob.ve\/index.php\/wp-json\/wp\/v2\/comments?post=36577"}],"version-history":[{"count":3,"href":"https:\/\/inces.gob.ve\/index.php\/wp-json\/wp\/v2\/posts\/36577\/revisions"}],"predecessor-version":[{"id":36584,"href":"https:\/\/inces.gob.ve\/index.php\/wp-json\/wp\/v2\/posts\/36577\/revisions\/36584"}],"wp:featuredmedia":[{"embeddable":true,"href":"https:\/\/inces.gob.ve\/index.php\/wp-json\/wp\/v2\/media\/36578"}],"wp:attachment":[{"href":"https:\/\/inces.gob.ve\/index.php\/wp-json\/wp\/v2\/media?parent=36577"}],"wp:term":[{"taxonomy":"category","embeddable":true,"href":"https:\/\/inces.gob.ve\/index.php\/wp-json\/wp\/v2\/categories?post=36577"},{"taxonomy":"post_tag","embeddable":true,"href":"https:\/\/inces.gob.ve\/index.php\/wp-json\/wp\/v2\/tags?post=36577"}],"curies":[{"name":"wp","href":"https:\/\/api.w.org\/{rel}","templated":true}]}}