{"id":36642,"date":"2020-12-16T15:23:51","date_gmt":"2020-12-16T19:23:51","guid":{"rendered":"https:\/\/inces.gob.ve\/?p=36642"},"modified":"2020-12-16T15:23:51","modified_gmt":"2020-12-16T19:23:51","slug":"guarico-inces-participa-en-la-expo-educacion-productiva-guariquena-y-muestras-de-convites","status":"publish","type":"post","link":"https:\/\/inces.gob.ve\/index.php\/2020\/12\/16\/guarico-inces-participa-en-la-expo-educacion-productiva-guariquena-y-muestras-de-convites\/","title":{"rendered":"GU\u00c1RICO | Inces participa en la \u201cExpo Educaci\u00f3n Productiva Guarique\u00f1a y Muestras de Convites\u00bb"},"content":{"rendered":"<p style=\"text-align: justify;\"><em><strong>**La actividad se inaugur\u00f3 con m\u00fasica desde la Plaza Bol\u00edvar y cont\u00f3 con la presencia del Ministro de Educaci\u00f3n Arist\u00f3bulo Ist\u00fariz, la Jefa de la Zona Educativa del Gu\u00e1rico, la profesora Nairoby Garc\u00eda y el Gobernador Jos\u00e9 V\u00e1squez<\/strong><\/em><!--more--><\/p>\n<p>&nbsp;<\/p>\n<p style=\"text-align: justify;\"><strong>LORENA ALMARZA\u00a0<\/strong><\/p>\n<p style=\"text-align: justify;\">El <strong>Inces Regional de Gu\u00e1rico<\/strong> conjuntamente con <strong>Escuelas T\u00e9cnicas, Escuelas de Arte y Oficios, Liceos, Misi\u00f3n Ribas y Misi\u00f3n Robinson<\/strong>, presentaron los diversos<a href=\"https:\/\/twitter.com\/GuaricoGestion\/status\/1338556457181130752?s=20\"> <strong>proyectos productivos<\/strong> <\/a>que vienen desarrollando <strong>en el campo textil, calzado, carpinter\u00eda, agr\u00edcola, <\/strong>entre otros, <strong>demostrando as\u00ed la consolidaci\u00f3n de un sistema \u00a0que promueve la <\/strong><strong>pedagog\u00eda productiva bajo los ideales de la filosof\u00eda robinsoniana.<\/strong><\/p>\n<p style=\"text-align: justify;\"><strong>\u00a0<\/strong><\/p>\n<p style=\"text-align: justify;\">En su recorrido por la muestra productiva, el <strong><a href=\"https:\/\/twitter.com\/dgeimppe\/status\/1338573888637251590?s=20\">Ministro Ist\u00fariz<\/a> reiter\u00f3 la importancia del proceso de formaci\u00f3n del Inces, y su pertinencia social: \u201c<\/strong><strong>debe capacitar y estar al servicio de la comunidad, y a su vez, lo aprendido por las y los participantes, ser \u00fatil para la resoluci\u00f3n de las necesidades de las propias comunidades\u201d.<\/strong><\/p>\n<p style=\"text-align: justify;\"><a href=\"https:\/\/twitter.com\/GuaricoGestion\/status\/1338556457181130752\/photo\/1\" data-saferedirecturl=\"https:\/\/www.google.com\/url?q=https:\/\/twitter.com\/GuaricoGestion\/status\/1338556457181130752\/photo\/1&amp;source=gmail&amp;ust=1608212935482000&amp;usg=AFQjCNFLyEFa-f53_FZm7T1oRbsjkOETBw\">\u00a0<\/a><\/p>\n<p style=\"text-align: justify;\">\n","protected":false},"excerpt":{"rendered":"<p>**La actividad se inaugur\u00f3 con m\u00fasica desde la Plaza Bol\u00edvar y cont\u00f3 con la presencia del Ministro de Educaci\u00f3n Arist\u00f3bulo Ist\u00fariz, la Jefa de la Zona Educativa del Gu\u00e1rico, la profesora Nairoby Garc\u00eda y el Gobernador Jos\u00e9 V\u00e1squez<\/p>\n","protected":false},"author":4,"featured_media":36643,"comment_status":"closed","ping_status":"closed","sticky":false,"template":"","format":"standard","meta":{"footnotes":""},"categories":[2],"tags":[98,249],"class_list":["post-36642","post","type-post","status-publish","format-standard","has-post-thumbnail","hentry","category-blog","tag-guarico","tag-muestraproductiva"],"_links":{"self":[{"href":"https:\/\/inces.gob.ve\/index.php\/wp-json\/wp\/v2\/posts\/36642","targetHints":{"allow":["GET"]}}],"collection":[{"href":"https:\/\/inces.gob.ve\/index.php\/wp-json\/wp\/v2\/posts"}],"about":[{"href":"https:\/\/inces.gob.ve\/index.php\/wp-json\/wp\/v2\/types\/post"}],"author":[{"embeddable":true,"href":"https:\/\/inces.gob.ve\/index.php\/wp-json\/wp\/v2\/users\/4"}],"replies":[{"embeddable":true,"href":"https:\/\/inces.gob.ve\/index.php\/wp-json\/wp\/v2\/comments?post=36642"}],"version-history":[{"count":1,"href":"https:\/\/inces.gob.ve\/index.php\/wp-json\/wp\/v2\/posts\/36642\/revisions"}],"predecessor-version":[{"id":36644,"href":"https:\/\/inces.gob.ve\/index.php\/wp-json\/wp\/v2\/posts\/36642\/revisions\/36644"}],"wp:featuredmedia":[{"embeddable":true,"href":"https:\/\/inces.gob.ve\/index.php\/wp-json\/wp\/v2\/media\/36643"}],"wp:attachment":[{"href":"https:\/\/inces.gob.ve\/index.php\/wp-json\/wp\/v2\/media?parent=36642"}],"wp:term":[{"taxonomy":"category","embeddable":true,"href":"https:\/\/inces.gob.ve\/index.php\/wp-json\/wp\/v2\/categories?post=36642"},{"taxonomy":"post_tag","embeddable":true,"href":"https:\/\/inces.gob.ve\/index.php\/wp-json\/wp\/v2\/tags?post=36642"}],"curies":[{"name":"wp","href":"https:\/\/api.w.org\/{rel}","templated":true}]}}