{"id":36682,"date":"2020-12-28T22:01:12","date_gmt":"2020-12-29T02:01:12","guid":{"rendered":"https:\/\/inces.gob.ve\/?p=36682"},"modified":"2020-12-28T22:01:12","modified_gmt":"2020-12-29T02:01:12","slug":"inces-apunta-a-la-consolidacion-de-un-sistema-nacional-de-formacion-tecnica-profesional","status":"publish","type":"post","link":"https:\/\/inces.gob.ve\/index.php\/2020\/12\/28\/inces-apunta-a-la-consolidacion-de-un-sistema-nacional-de-formacion-tecnica-profesional\/","title":{"rendered":"Inces apunta a la consolidaci\u00f3n de un sistema nacional de formaci\u00f3n t\u00e9cnica profesional"},"content":{"rendered":"<p align=\"justify\"><i><b>** Durante el mes de diciembre las reuniones con diferentes viceministerios ha sido agenda primordial para los proyectos del 2021<\/b><\/i><!--more--><\/p>\n<p align=\"justify\">\n<p align=\"justify\"><b>LONGINA TOVAR<\/b><\/p>\n<p align=\"justify\">El presidente del Inces, Wuikelman Angel, inform\u00f3 que la instituci\u00f3n trabaja en la actualidad en la consolidaci\u00f3n de un proyecto para la creaci\u00f3n de un sistema de formaci\u00f3n t\u00e9cnica profesional que tenga como bandera el transversalizar el componente producci\u00f3n en todo el sistema educativo.<\/p>\n<p align=\"justify\">\n<p align=\"justify\">El objetivo es que la formaci\u00f3n t\u00e9cnica sea pertinente y responda a las necesidades reales de cada regi\u00f3n y que sea materia de estudio desde la educaci\u00f3n inicial hasta estudios de cuarto nivel. De alcanzar esta meta, la alianza producci\u00f3n-educaci\u00f3n se convertir\u00eda en una pol\u00edtica p\u00fablica para Venezuela.<\/p>\n<p align=\"justify\">\n<p align=\"justify\">Lo expuesto lo dio a conocer Angel este lunes 28 de diciembre, a trav\u00e9s de la pantalla de Venezolana de Televisi\u00f3n, en el espacio Punto de Encuentro.<\/p>\n<p align=\"justify\">\n<p align=\"justify\"><b>Formaci\u00f3n a distancia<\/b><\/p>\n<p align=\"justify\">La pandemia por la COVID-19 oblig\u00f3 a los centros educativos del mundo entero a mudar su formaci\u00f3n a una modalidad virtual y a distancia. Al respecto, el titular de la presidencia del Inces declar\u00f3 que para la casa formativa no es tan sencillo, ya que debe tomarse en cuenta el componente pr\u00e1ctico.<\/p>\n<p align=\"justify\">\n<p align=\"justify\">No hay formaci\u00f3n t\u00e9cnica sin pr\u00e1ctica \u2013 dijo \u2013 es necesario el hacer, el aprender haciendo, y para ello ya se tuvo un a\u00f1o 2020 de ensayo, meses en los que se puso en pr\u00e1ctica dictar la teor\u00eda a distancia, pero tambi\u00e9n se tuvieron que activar los puntos de atenci\u00f3n pedag\u00f3gica en los centros de formaci\u00f3n, espacio donde el participante iba a realizar el ejercicio del oficio que estaba aprendiendo.<\/p>\n<p align=\"justify\">\n<p align=\"justify\">Indic\u00f3 que en estos momentos se trabaja en el lanzamiento de una plataforma que sustituir\u00e1 la presencia del profesor en el aula, pero fue enf\u00e1tico en que siempre se tendr\u00e1 que asistir a los talleres y laboratorios para la realizaci\u00f3n de los ejercicios, para el hacer.<\/p>\n<p align=\"justify\">\n<p align=\"justify\">Adem\u00e1s, Angel explic\u00f3 el t\u00e9rmino acu\u00f1ado en pandemia <a href=\"https:\/\/twitter.com\/VTVcanal8\/status\/1343623417187209219\">\u201ceducaci\u00f3n lugarizada\u2019\u2019<\/a>, y que tiene que ver con la ausencia en aulas y el confinamiento en todas las entidades del territorio nacional<\/p>\n<p align=\"justify\"><img loading=\"lazy\" decoding=\"async\" class=\"aligncenter wp-image-36684 size-full\" src=\"https:\/\/inces.gob.ve\/wp-content\/uploads\/2020\/12\/inces_punto_de_encuentro_Wuikelman_vtv.jpeg\" alt=\"\" width=\"550\" height=\"413\" srcset=\"https:\/\/inces.gob.ve\/wp-content\/uploads\/2020\/12\/inces_punto_de_encuentro_Wuikelman_vtv.jpeg 550w, https:\/\/inces.gob.ve\/wp-content\/uploads\/2020\/12\/inces_punto_de_encuentro_Wuikelman_vtv-300x225.jpeg 300w, https:\/\/inces.gob.ve\/wp-content\/uploads\/2020\/12\/inces_punto_de_encuentro_Wuikelman_vtv-136x102.jpeg 136w\" sizes=\"auto, (max-width: 550px) 100vw, 550px\" \/><\/p>\n<p align=\"justify\">\n<p align=\"justify\"><b>Sistematizaci\u00f3n de la experiencia virtual<\/b><\/p>\n<p align=\"justify\">En 2020, organismos multilaterales como la Unesco y la ONU sistematizaron la experiencia educativa en Venezuela en tiempos de pandemia; adem\u00e1s, el Inces organiz\u00f3 un importante seminario pedag\u00f3gico donde se pudo conocer las experiencias de entes hom\u00f3logos en Latinoam\u00e9rica, El Caribe y \u00c1frica, con la finalidad de copiar acciones e intercambiar ideas en materia de formaci\u00f3n t\u00e9cnica profesional.<\/p>\n<p align=\"justify\">\n<p align=\"justify\"><b>Innovaci\u00f3n<\/b><\/p>\n<p align=\"justify\">Los participantes y maestros Inces buscan soluciones a los problemas que tiene el punto y c\u00edrculo donde se desarrolla su formaci\u00f3n, a prop\u00f3sito de ello, durante la entrevista en Punto de Encuentro, Angel record\u00f3 que, por ejemplo, en el centro de formaci\u00f3n electricidad y electr\u00f3nica \u201cDanilo Anderson\u201d, de Los Ruices, se est\u00e1n fabricando piezas necesarias para los transformadores el\u00e9ctricos que utiliza Corpoelec, y que antes de que el Inces comenzara a producirlas, se ve\u00edan obligados a importarlas a precios especulativos.<\/p>\n<p align=\"justify\">\n<p align=\"justify\">Indic\u00f3 tambi\u00e9n que se est\u00e1n <a href=\"https:\/\/twitter.com\/VTVcanal8\/status\/1343624569559674883\">creando materiales para el sector salud <\/a>como sillas, andaderas, camillas y bastones, como respuesta institucional en medio de una situaci\u00f3n de asedio<\/p>\n<style type=\"text\/css\">\n\t\tp { margin-bottom: 0.25cm; line-height: 120% }\n\t\ta:link { so-language: zxx }<\/style>\n","protected":false},"excerpt":{"rendered":"<p>** Durante el mes de diciembre las reuniones con diferentes viceministerios ha sido agenda primordial para los proyectos del 2021<\/p>\n","protected":false},"author":4,"featured_media":36683,"comment_status":"closed","ping_status":"closed","sticky":false,"template":"","format":"standard","meta":{"footnotes":""},"categories":[2],"tags":[252,242,71],"class_list":["post-36682","post","type-post","status-publish","format-standard","has-post-thumbnail","hentry","category-blog","tag-252","tag-gestion","tag-wuikelmanangel"],"_links":{"self":[{"href":"https:\/\/inces.gob.ve\/index.php\/wp-json\/wp\/v2\/posts\/36682","targetHints":{"allow":["GET"]}}],"collection":[{"href":"https:\/\/inces.gob.ve\/index.php\/wp-json\/wp\/v2\/posts"}],"about":[{"href":"https:\/\/inces.gob.ve\/index.php\/wp-json\/wp\/v2\/types\/post"}],"author":[{"embeddable":true,"href":"https:\/\/inces.gob.ve\/index.php\/wp-json\/wp\/v2\/users\/4"}],"replies":[{"embeddable":true,"href":"https:\/\/inces.gob.ve\/index.php\/wp-json\/wp\/v2\/comments?post=36682"}],"version-history":[{"count":1,"href":"https:\/\/inces.gob.ve\/index.php\/wp-json\/wp\/v2\/posts\/36682\/revisions"}],"predecessor-version":[{"id":36685,"href":"https:\/\/inces.gob.ve\/index.php\/wp-json\/wp\/v2\/posts\/36682\/revisions\/36685"}],"wp:featuredmedia":[{"embeddable":true,"href":"https:\/\/inces.gob.ve\/index.php\/wp-json\/wp\/v2\/media\/36683"}],"wp:attachment":[{"href":"https:\/\/inces.gob.ve\/index.php\/wp-json\/wp\/v2\/media?parent=36682"}],"wp:term":[{"taxonomy":"category","embeddable":true,"href":"https:\/\/inces.gob.ve\/index.php\/wp-json\/wp\/v2\/categories?post=36682"},{"taxonomy":"post_tag","embeddable":true,"href":"https:\/\/inces.gob.ve\/index.php\/wp-json\/wp\/v2\/tags?post=36682"}],"curies":[{"name":"wp","href":"https:\/\/api.w.org\/{rel}","templated":true}]}}