{"id":36707,"date":"2021-01-12T01:51:37","date_gmt":"2021-01-12T05:51:37","guid":{"rendered":"https:\/\/inces.gob.ve\/?p=36707"},"modified":"2021-01-11T20:54:35","modified_gmt":"2021-01-12T00:54:35","slug":"merida-espacios-productivos-del-inces-son-habilitados-para-la-siembra","status":"publish","type":"post","link":"https:\/\/inces.gob.ve\/index.php\/2021\/01\/12\/merida-espacios-productivos-del-inces-son-habilitados-para-la-siembra\/","title":{"rendered":"M\u00c9RIDA | Espacios productivos del Inces son habilitados para la siembra"},"content":{"rendered":"<p align=\"justify\"><em><strong><span style=\"color: #050505;\"><span style=\"font-family: Arial, serif;\"><span style=\"font-size: medium;\">** El 2021 inicia con buen pie, el CFS Eli\u00e9zer Otaiza garantiza la cosecha, en poco tiempo, de caraotas, ma\u00edz, aj\u00ed dulce, ceboll\u00edn, y plantas medicinales entre otros<\/span><\/span><\/span><\/strong><\/em><!--more--><\/p>\n<p align=\"justify\">\n<p align=\"justify\"><span style=\"color: #050505;\"><span style=\"font-family: Arial, serif;\"><span style=\"font-size: medium;\"><b>NADIA LOBO| M\u00e9rida<\/b><\/span><\/span><\/span><\/p>\n<p align=\"justify\"><span style=\"color: #050505;\"><span style=\"font-family: Arial, serif;\"><span style=\"font-size: medium;\">Bajo la consigna \u201c<\/span><\/span><\/span><span style=\"color: #050505;\"><span style=\"font-family: Arial, serif;\"><span style=\"font-size: medium;\"><i>E<\/i><\/span><\/span><\/span><span style=\"color: #050505;\"><span style=\"font-family: Arial, serif;\"><span style=\"font-size: medium;\"><i>ntre pandemia y producci\u00f3n no hay contradicci\u00f3n\u201d<\/i><\/span><\/span><\/span><span style=\"color: #050505;\"><span style=\"font-family: Arial, serif;\"><span style=\"font-size: medium;\">, inicia el a\u00f1o 2021 <\/span><\/span><\/span><span style=\"color: #050505;\"><span style=\"font-family: Arial, serif;\"><span style=\"font-size: medium;\">con el desarrollo de <\/span><\/span><\/span><span style=\"color: #050505;\"><span style=\"font-family: Arial, serif;\"><span style=\"font-size: medium;\">jornadas de desmalezamiento, limpieza y adaptaci\u00f3n de terrenos y \u00e1reas verdes en los espacios del Inces-M\u00e9rida, <\/span><\/span><\/span><span style=\"color: #050505;\"><span style=\"font-family: Arial, serif;\"><span style=\"font-size: medium;\">lo cual <\/span><\/span><\/span><span style=\"color: #050505;\"><span style=\"font-family: Arial, serif;\"><span style=\"font-size: medium;\">permite no solo el embellecimiento de <\/span><\/span><\/span><span style=\"color: #050505;\"><span style=\"font-family: Arial, serif;\"><span style=\"font-size: medium;\">las <\/span><\/span><\/span><span style=\"color: #050505;\"><span style=\"font-family: Arial, serif;\"><span style=\"font-size: medium;\">instalaciones<\/span><\/span><\/span><span style=\"color: #050505;\"><span style=\"font-family: Arial, serif;\"><span style=\"font-size: medium;\">, sino <\/span><\/span><\/span><span style=\"color: #050505;\"><span style=\"font-family: Arial, serif;\"><span style=\"font-size: medium;\">que <\/span><\/span><\/span><span style=\"color: #050505;\"><span style=\"font-family: Arial, serif;\"><span style=\"font-size: medium;\">adem\u00e1s <\/span><\/span><\/span><span style=\"color: #050505;\"><span style=\"font-family: Arial, serif;\"><span style=\"font-size: medium;\">la <\/span><\/span><\/span><span style=\"color: #050505;\"><span style=\"font-family: Arial, serif;\"><span style=\"font-size: medium;\">jornada <\/span><\/span><\/span><span style=\"color: #050505;\"><span style=\"font-family: Arial, serif;\"><span style=\"font-size: medium;\">se enriquece con la <\/span><\/span><\/span><span style=\"color: #050505;\"><span style=\"font-family: Arial, serif;\"><span style=\"font-size: medium;\">siembra de rubros de ciclos cortos.<\/span><\/span><\/span><\/p>\n<p align=\"justify\">\n<p align=\"justify\"><span style=\"color: #050505;\"><span style=\"font-family: Arial, serif;\"><span style=\"font-size: medium;\">As\u00ed lo dio a conocer el gerente regional del Inces, Geldrit Roca, quien destac\u00f3 que el mantenimiento de las instalaciones educativas es una orientaci\u00f3n del presidente del Inces Wuikelman Angel y del Gobierno Bolivariano. En tal sentido, agradeci\u00f3 la labor desempe\u00f1ada <\/span><\/span><\/span><span style=\"color: #050505;\"><span style=\"font-family: Arial, serif;\"><span style=\"font-size: medium;\">por<\/span><\/span><\/span><span style=\"color: #050505;\"><span style=\"font-family: Arial, serif;\"><span style=\"font-size: medium;\"> cada uno de los trabajadores en \u00e9sta tarea, siendo siempre importante y gratificante para el fortalecimiento de nuestro Inces.<\/span><\/span><\/span><\/p>\n<p align=\"justify\">\n<p align=\"justify\"><span style=\"color: #050505;\">\u201c<span style=\"font-family: Arial, serif;\"><span style=\"font-size: medium;\">En esta oportunidad, agradecemos el compromiso, sentido de pertenencia y esfuerzo del jefe del centro de formaci\u00f3n socialista (CFS) Eli\u00e9zer Otaiza, ubicado en la ciudad de M\u00e9rida, Ricardo Pe\u00f1uela y el apoyo del personal de vigilancia, quienes dedicaron un tiempo durante el receso de <\/span><\/span><\/span><span style=\"color: #050505;\"><span style=\"font-family: Arial, serif;\"><span style=\"font-size: medium;\">N<\/span><\/span><\/span><span style=\"color: #050505;\"><span style=\"font-family: Arial, serif;\"><span style=\"font-size: medium;\">avidad para embellecer y mantener limpias las \u00e1reas verdes y la preparaci\u00f3n del terreno para el cultivo de rubros importantes en la dieta del meride\u00f1o\u201d, dijo el titular del Inces.<\/span><\/span><\/span><\/p>\n<p align=\"justify\">\n<p align=\"justify\"><span style=\"color: #050505;\"><span style=\"font-family: Arial, serif;\"><span style=\"font-size: medium;\">Por su parte, Ricardo Pe\u00f1uela, quien se desempe\u00f1a como responsable del CFS Eli\u00e9zer Otaiza, manifest\u00f3 gran satisfacci\u00f3n \u201cle estamos brindado una gota de amor <\/span><\/span><\/span><span style=\"color: #050505;\"><span style=\"font-family: Arial, serif;\"><span style=\"font-size: medium;\">a <\/span><\/span><\/span><span style=\"color: #050505;\"><span style=\"font-family: Arial, serif;\"><span style=\"font-size: medium;\">nuestra Instituci\u00f3n, que a pesar de la pandemia y <\/span><\/span><\/span><span style=\"color: #050505;\"><span style=\"font-family: Arial, serif;\"><span style=\"font-size: medium;\">de <\/span><\/span><\/span><span style=\"color: #050505;\"><span style=\"font-family: Arial, serif;\"><span style=\"font-size: medium;\">que las instalaciones no est\u00e1n abiertas para el p\u00fablico, se logr\u00f3 tanto la desinfecci\u00f3n como el desmalezamiento de exteriores y la siembra de caraotas, ma\u00edz, entre otros rubros, as\u00ed como plantas arom\u00e1tica y medicinales\u201d.<\/span><\/span><\/span><\/p>\n<p align=\"justify\">\n<p align=\"justify\"><a name=\"_GoBack\"><\/a> <span style=\"color: #050505;\"><span style=\"font-family: Arial, serif;\"><span style=\"font-size: medium;\">Indic\u00f3 finalmente, que este tipo de actividad se estar\u00e1 replicando en el resto de los centros de formaci\u00f3n socialista (CFS), ubicados a lo largo y ancho de la entidad meride\u00f1a.<\/span><\/span><\/span><\/p>\n","protected":false},"excerpt":{"rendered":"<p>** El 2021 inicia con buen pie, el CFS Eli\u00e9zer Otaiza garantiza la cosecha, en poco tiempo, de caraotas, ma\u00edz, aj\u00ed dulce, ceboll\u00edn, y plantas medicinales entre otros<\/p>\n","protected":false},"author":4,"featured_media":36708,"comment_status":"closed","ping_status":"closed","sticky":false,"template":"","format":"standard","meta":{"footnotes":""},"categories":[2],"tags":[],"class_list":["post-36707","post","type-post","status-publish","format-standard","has-post-thumbnail","hentry","category-blog"],"_links":{"self":[{"href":"https:\/\/inces.gob.ve\/index.php\/wp-json\/wp\/v2\/posts\/36707","targetHints":{"allow":["GET"]}}],"collection":[{"href":"https:\/\/inces.gob.ve\/index.php\/wp-json\/wp\/v2\/posts"}],"about":[{"href":"https:\/\/inces.gob.ve\/index.php\/wp-json\/wp\/v2\/types\/post"}],"author":[{"embeddable":true,"href":"https:\/\/inces.gob.ve\/index.php\/wp-json\/wp\/v2\/users\/4"}],"replies":[{"embeddable":true,"href":"https:\/\/inces.gob.ve\/index.php\/wp-json\/wp\/v2\/comments?post=36707"}],"version-history":[{"count":1,"href":"https:\/\/inces.gob.ve\/index.php\/wp-json\/wp\/v2\/posts\/36707\/revisions"}],"predecessor-version":[{"id":36709,"href":"https:\/\/inces.gob.ve\/index.php\/wp-json\/wp\/v2\/posts\/36707\/revisions\/36709"}],"wp:featuredmedia":[{"embeddable":true,"href":"https:\/\/inces.gob.ve\/index.php\/wp-json\/wp\/v2\/media\/36708"}],"wp:attachment":[{"href":"https:\/\/inces.gob.ve\/index.php\/wp-json\/wp\/v2\/media?parent=36707"}],"wp:term":[{"taxonomy":"category","embeddable":true,"href":"https:\/\/inces.gob.ve\/index.php\/wp-json\/wp\/v2\/categories?post=36707"},{"taxonomy":"post_tag","embeddable":true,"href":"https:\/\/inces.gob.ve\/index.php\/wp-json\/wp\/v2\/tags?post=36707"}],"curies":[{"name":"wp","href":"https:\/\/api.w.org\/{rel}","templated":true}]}}