{"id":36727,"date":"2021-01-18T10:10:45","date_gmt":"2021-01-18T14:10:45","guid":{"rendered":"https:\/\/inces.gob.ve\/?p=36727"},"modified":"2021-01-18T10:10:45","modified_gmt":"2021-01-18T14:10:45","slug":"guarico-planifican-formaciones-para-reactivar-la-p-de-produccion-de-los-clap","status":"publish","type":"post","link":"https:\/\/inces.gob.ve\/index.php\/2021\/01\/18\/guarico-planifican-formaciones-para-reactivar-la-p-de-produccion-de-los-clap\/","title":{"rendered":"GU\u00c1RICO | Planifican formaciones para reactivar la P de producci\u00f3n de los CLAP"},"content":{"rendered":"<p style=\"text-align: justify;\"><strong><em>***Desde el municipio Juan Germ\u00e1n Roscio Nieves, el equipo regional coordina el inicio de formaciones productivas<\/em><\/strong><!--more--><\/p>\n<p style=\"text-align: justify;\"><strong><em>\u00a0<\/em><\/strong><\/p>\n<p style=\"text-align: justify;\"><strong>LORENA ALMARZA<\/strong><\/p>\n<p style=\"text-align: justify;\"><strong>En el esp\u00edritu de formar-produciendo <\/strong><strong>y producir formando<\/strong>, se llev\u00f3 a cabo una <strong><a href=\"https:\/\/twitter.com\/guarico_inces\/status\/1348302496352112641?s=20\">reuni\u00f3n de planificaci\u00f3n de cursos y talleres<\/a> enmarcados en el motor agroalimentario<\/strong>, a fin de <strong>reactivar la producci\u00f3n de los Comit\u00e9s Locales de Abastecimiento y Producci\u00f3n (Clap). <\/strong><\/p>\n<p style=\"text-align: justify;\"><strong>\u00a0<\/strong><\/p>\n<p style=\"text-align: justify;\">La propuesta en desarrollo busca <strong>impulsar y promover la producci\u00f3n de alimentos de calidad en los espacios comunitarios y familiares<\/strong>, para sustentar la necesidad en esta \u00e1rea fundamental, y as\u00ed <strong>contrarrestar la guerra econ\u00f3mica y el bloqueo impuesto contra nuestro pa\u00eds<\/strong><strong>. <\/strong><\/p>\n<p style=\"text-align: justify;\">\n<p style=\"text-align: justify;\">\n","protected":false},"excerpt":{"rendered":"<p>***Desde el municipio Juan Germ\u00e1n Roscio Nieves, el equipo regional coordina el inicio de formaciones productivas<\/p>\n","protected":false},"author":4,"featured_media":36728,"comment_status":"closed","ping_status":"closed","sticky":false,"template":"","format":"standard","meta":{"footnotes":""},"categories":[2],"tags":[98],"class_list":["post-36727","post","type-post","status-publish","format-standard","has-post-thumbnail","hentry","category-blog","tag-guarico"],"_links":{"self":[{"href":"https:\/\/inces.gob.ve\/index.php\/wp-json\/wp\/v2\/posts\/36727","targetHints":{"allow":["GET"]}}],"collection":[{"href":"https:\/\/inces.gob.ve\/index.php\/wp-json\/wp\/v2\/posts"}],"about":[{"href":"https:\/\/inces.gob.ve\/index.php\/wp-json\/wp\/v2\/types\/post"}],"author":[{"embeddable":true,"href":"https:\/\/inces.gob.ve\/index.php\/wp-json\/wp\/v2\/users\/4"}],"replies":[{"embeddable":true,"href":"https:\/\/inces.gob.ve\/index.php\/wp-json\/wp\/v2\/comments?post=36727"}],"version-history":[{"count":1,"href":"https:\/\/inces.gob.ve\/index.php\/wp-json\/wp\/v2\/posts\/36727\/revisions"}],"predecessor-version":[{"id":36729,"href":"https:\/\/inces.gob.ve\/index.php\/wp-json\/wp\/v2\/posts\/36727\/revisions\/36729"}],"wp:featuredmedia":[{"embeddable":true,"href":"https:\/\/inces.gob.ve\/index.php\/wp-json\/wp\/v2\/media\/36728"}],"wp:attachment":[{"href":"https:\/\/inces.gob.ve\/index.php\/wp-json\/wp\/v2\/media?parent=36727"}],"wp:term":[{"taxonomy":"category","embeddable":true,"href":"https:\/\/inces.gob.ve\/index.php\/wp-json\/wp\/v2\/categories?post=36727"},{"taxonomy":"post_tag","embeddable":true,"href":"https:\/\/inces.gob.ve\/index.php\/wp-json\/wp\/v2\/tags?post=36727"}],"curies":[{"name":"wp","href":"https:\/\/api.w.org\/{rel}","templated":true}]}}