{"id":36743,"date":"2021-01-19T10:32:52","date_gmt":"2021-01-19T14:32:52","guid":{"rendered":"https:\/\/inces.gob.ve\/?p=36743"},"modified":"2021-01-19T10:32:52","modified_gmt":"2021-01-19T14:32:52","slug":"aragua-la-siembra-de-valores-va-de-la-mano-con-la-siembra-productiva","status":"publish","type":"post","link":"https:\/\/inces.gob.ve\/index.php\/2021\/01\/19\/aragua-la-siembra-de-valores-va-de-la-mano-con-la-siembra-productiva\/","title":{"rendered":"ARAGUA | La siembra de valores va de la mano con la siembra productiva"},"content":{"rendered":"<p style=\"text-align: left;\" align=\"center\"><em><span style=\"font-family: ARIAL, sans-serif;\"><b>** Seguimos adelante llevando formaci\u00f3n y apoyando el desarrollo productivo de la patria<\/b><\/span><\/em><!--more--><\/p>\n<p align=\"center\">\n<p><span style=\"font-family: ARIAL, sans-serif;\"><span><b>NINOSKA PATRIZ | ARAGUA<\/b><\/span><\/span><\/p>\n<p align=\"justify\"><span style=\"font-family: ARIAL, sans-serif;\"><span>Desde los terrenos del INIA, en el sector denominado La Granja, la milicia campesina, comandada por el teniente coronel An\u00edbal Humberto Ram\u00edrez Rond\u00f3n, en coordinaci\u00f3n con la sargento 2\u00b0 Beatriz Silva, jefa del \u00c1rea Popular para la Defensa Integral APDI en el Municipio Mario Brice\u00f1o Iragorry de Ca\u00f1a de Az\u00facar, supervisan el desarrollo de las unidades productivas de las Bases Populares para la Defensa Integral BPDI. \u201cUn aproximado de 300 hect\u00e1reas, son protegidas y labradas con conciencia\u201d, indic\u00f3 el Sgto2\u00b0 Reyes Garc\u00eda. <\/span><\/span><\/p>\n<p align=\"justify\">\n<p align=\"justify\"><span style=\"font-family: ARIAL, sans-serif;\"><span>Dando cumplimiento a los lineamientos del presidente de la Rep\u00fablica Bolivariana de Venezuela, Nicol\u00e1s Alejandro Maduro Moros, este equipo de trabajo indetenible mantiene su mirada enfocada en la producci\u00f3n de rubros de ciclo corto as\u00ed como prote\u00edna animal. Esto con el fin de abaratar los costos y hacer llegar a sus comunidades el alimento, haciendo \u00e9nfasis en el legado socialista de nuestro comandante eterno Hugo Rafael Ch\u00e1vez Fr\u00edas. \u201cAqu\u00ed se cuenta actualmente con 3 unidades de producci\u00f3n en cr\u00eda de cerdos y siembra de hortalizas\u201d seg\u00fan\u00a0 aclar\u00f3 el SM3 Elvis Matos. <\/span><\/span><\/p>\n<p align=\"justify\">\n<p align=\"justify\"><span style=\"font-family: ARIAL, sans-serif;\"><span>Inces regi\u00f3n Aragua les brinda la oportunidad de culminar sus estudios de Bachillerato adem\u00e1s de la certificaci\u00f3n de saberes emp\u00edricos en el \u00e1rea agroproductiva para apoyar el avance desde el lema: Formar Produciendo y el Producir Formando. Del mismo modo, la ingeniero Mar\u00eda Ang\u00e9lica Adarmis, jefa de la EPA, junto a su equipo de trabajo, estar\u00e1 brindando acompa\u00f1amiento y orientaci\u00f3n para fortalecer las actividades.<\/span><\/span><\/p>\n<p align=\"justify\">\n<p align=\"justify\"><span style=\"font-family: ARIAL, sans-serif;\"><span>La invitaci\u00f3n est\u00e1 abierta para integrarse a las filas de nuestra milicia tambi\u00e9n, pues el complejo proceso de producci\u00f3n de alimentos necesita de todos\u201d. Nos coment\u00f3 la Sargento 2\u00b0 Sandra Fern\u00e1dez, parte del equipo que hace vida en los espacios. El objetivo principal del enlace es reconocer mediante la acreditaci\u00f3n formal, los conocimientos adquiridos de los participantes mediante la experiencia vivencial. \u201cEste es una actividad que implica compromiso, esfuerzo y dedicaci\u00f3n, pero aqu\u00ed estamos rodilla en tierra por la Revoluci\u00f3n y nuestra Patria.\u00a0<\/span><\/span><\/p>\n","protected":false},"excerpt":{"rendered":"<p>** Seguimos adelante llevando formaci\u00f3n y apoyando el desarrollo productivo de la patria<\/p>\n","protected":false},"author":4,"featured_media":36744,"comment_status":"closed","ping_status":"closed","sticky":false,"template":"","format":"standard","meta":{"footnotes":""},"categories":[2],"tags":[86],"class_list":["post-36743","post","type-post","status-publish","format-standard","has-post-thumbnail","hentry","category-blog","tag-aragua"],"_links":{"self":[{"href":"https:\/\/inces.gob.ve\/index.php\/wp-json\/wp\/v2\/posts\/36743","targetHints":{"allow":["GET"]}}],"collection":[{"href":"https:\/\/inces.gob.ve\/index.php\/wp-json\/wp\/v2\/posts"}],"about":[{"href":"https:\/\/inces.gob.ve\/index.php\/wp-json\/wp\/v2\/types\/post"}],"author":[{"embeddable":true,"href":"https:\/\/inces.gob.ve\/index.php\/wp-json\/wp\/v2\/users\/4"}],"replies":[{"embeddable":true,"href":"https:\/\/inces.gob.ve\/index.php\/wp-json\/wp\/v2\/comments?post=36743"}],"version-history":[{"count":1,"href":"https:\/\/inces.gob.ve\/index.php\/wp-json\/wp\/v2\/posts\/36743\/revisions"}],"predecessor-version":[{"id":36745,"href":"https:\/\/inces.gob.ve\/index.php\/wp-json\/wp\/v2\/posts\/36743\/revisions\/36745"}],"wp:featuredmedia":[{"embeddable":true,"href":"https:\/\/inces.gob.ve\/index.php\/wp-json\/wp\/v2\/media\/36744"}],"wp:attachment":[{"href":"https:\/\/inces.gob.ve\/index.php\/wp-json\/wp\/v2\/media?parent=36743"}],"wp:term":[{"taxonomy":"category","embeddable":true,"href":"https:\/\/inces.gob.ve\/index.php\/wp-json\/wp\/v2\/categories?post=36743"},{"taxonomy":"post_tag","embeddable":true,"href":"https:\/\/inces.gob.ve\/index.php\/wp-json\/wp\/v2\/tags?post=36743"}],"curies":[{"name":"wp","href":"https:\/\/api.w.org\/{rel}","templated":true}]}}