{"id":36795,"date":"2021-01-27T07:11:43","date_gmt":"2021-01-27T11:11:43","guid":{"rendered":"https:\/\/inces.gob.ve\/?p=36795"},"modified":"2021-01-27T07:13:05","modified_gmt":"2021-01-27T11:13:05","slug":"cojedes-continuan-las-jornadas-de-mantenimiento","status":"publish","type":"post","link":"https:\/\/inces.gob.ve\/index.php\/2021\/01\/27\/cojedes-continuan-las-jornadas-de-mantenimiento\/","title":{"rendered":"COJEDES | Contin\u00faan las Jornadas de Mantenimiento"},"content":{"rendered":"<p style=\"text-align: justify;\"><em><strong>***Limpieza general, desmalezamiento y reparaci\u00f3n de luminarias, son algunas de las tareas que realiza de manera voluntaria el equipo regional<\/strong><\/em><!--more--><\/p>\n<p style=\"text-align: justify;\">\n<p style=\"text-align: justify;\"><strong>LORENA ALMARZA<br \/>\n<\/strong><\/p>\n<p style=\"text-align: justify;\"><strong>Para iniciar los procesos de formaci\u00f3n y acreditaci\u00f3n de saberes\u00a0<\/strong>en este nuevo a\u00f1o 2021,\u00a0<strong>la fuerza trabajadora del centro de formaci\u00f3n socialista (CFS) Argimiro Gabald\u00f3n organiz\u00f3 una <a href=\"http:\/\/Cojedes | Contin\u00faan las Jornadas de Mantenimiento     ***Limpieza general, desmalezamiento y reparaci\u00f3n de luminarias, son algunas de las tareas que realiza de manera voluntaria el equipo regional     Lorena Almarza | Inces Cojedes     Para iniciar los procesos de formaci\u00f3n y acreditaci\u00f3n de saberes en este nuevo a\u00f1o 2021, la fuerza trabajadora del centro de formaci\u00f3n socialista (CFS) Argimiro Gabald\u00f3n organiz\u00f3 una jornada de mantenimiento.     Dicha actividad cont\u00f3 con la participaci\u00f3n activa y consciente de todo el personal que hace vida en el centro educativo, a fin de preservar las instalaciones f\u00edsicas para as\u00ed garantizar el funcionamiento institucional y el derecho a la educaci\u00f3n.\">jornada de mantenimiento<\/a><\/strong>.<\/p>\n<p style=\"text-align: justify;\">\n<p style=\"text-align: justify;\">Dicha actividad cont\u00f3 con la\u00a0<strong>participaci\u00f3n activa y consciente de todo el personal\u00a0<\/strong>que hace vida en el centro educativo, a fin de preservar las instalaciones f\u00edsicas para as\u00ed\u00a0<strong>garantizar el funcionamiento institucional y el derecho a la educaci\u00f3n.<\/strong><\/p>\n<p>IR<\/p>\n<p style=\"text-align: justify;\">\n","protected":false},"excerpt":{"rendered":"<p>***Limpieza general, desmalezamiento y reparaci\u00f3n de luminarias, son algunas de las tareas que realiza de manera voluntaria el equipo regional<\/p>\n","protected":false},"author":4,"featured_media":36796,"comment_status":"closed","ping_status":"closed","sticky":false,"template":"","format":"standard","meta":{"footnotes":""},"categories":[2],"tags":[266,224],"class_list":["post-36795","post","type-post","status-publish","format-standard","has-post-thumbnail","hentry","category-blog","tag-acreditaciondesaberes","tag-cojedes"],"_links":{"self":[{"href":"https:\/\/inces.gob.ve\/index.php\/wp-json\/wp\/v2\/posts\/36795","targetHints":{"allow":["GET"]}}],"collection":[{"href":"https:\/\/inces.gob.ve\/index.php\/wp-json\/wp\/v2\/posts"}],"about":[{"href":"https:\/\/inces.gob.ve\/index.php\/wp-json\/wp\/v2\/types\/post"}],"author":[{"embeddable":true,"href":"https:\/\/inces.gob.ve\/index.php\/wp-json\/wp\/v2\/users\/4"}],"replies":[{"embeddable":true,"href":"https:\/\/inces.gob.ve\/index.php\/wp-json\/wp\/v2\/comments?post=36795"}],"version-history":[{"count":2,"href":"https:\/\/inces.gob.ve\/index.php\/wp-json\/wp\/v2\/posts\/36795\/revisions"}],"predecessor-version":[{"id":36799,"href":"https:\/\/inces.gob.ve\/index.php\/wp-json\/wp\/v2\/posts\/36795\/revisions\/36799"}],"wp:featuredmedia":[{"embeddable":true,"href":"https:\/\/inces.gob.ve\/index.php\/wp-json\/wp\/v2\/media\/36796"}],"wp:attachment":[{"href":"https:\/\/inces.gob.ve\/index.php\/wp-json\/wp\/v2\/media?parent=36795"}],"wp:term":[{"taxonomy":"category","embeddable":true,"href":"https:\/\/inces.gob.ve\/index.php\/wp-json\/wp\/v2\/categories?post=36795"},{"taxonomy":"post_tag","embeddable":true,"href":"https:\/\/inces.gob.ve\/index.php\/wp-json\/wp\/v2\/tags?post=36795"}],"curies":[{"name":"wp","href":"https:\/\/api.w.org\/{rel}","templated":true}]}}