{"id":36850,"date":"2021-02-02T06:46:25","date_gmt":"2021-02-02T10:46:25","guid":{"rendered":"https:\/\/inces.gob.ve\/?p=36850"},"modified":"2021-02-02T06:46:25","modified_gmt":"2021-02-02T10:46:25","slug":"aragua-conciencia-y-compromiso-se-reflejan-en-las-pantallas-desde-conexiones-remotas","status":"publish","type":"post","link":"https:\/\/inces.gob.ve\/index.php\/2021\/02\/02\/aragua-conciencia-y-compromiso-se-reflejan-en-las-pantallas-desde-conexiones-remotas\/","title":{"rendered":"ARAGUA | Conciencia y compromiso se reflejan en las pantallas desde conexiones remotas"},"content":{"rendered":"<div id=\":d7\" class=\"a3s aiL \">\n<div dir=\"ltr\">\n<p style=\"text-align: justify;\" align=\"center\"><em><span style=\"font-family: ARial, sans-serif;\"><b>** El rostro humano detr\u00e1s de la noticia es de vital importancia para la difusi\u00f3n informativa<\/b><\/span><\/em><\/p>\n<\/div>\n<\/div>\n<p><!--more--><\/p>\n<p align=\"center\">\n<div id=\":d7\" class=\"a3s aiL \">\n<div dir=\"ltr\">\n<p style=\"text-align: justify;\"><span style=\"font-family: ARial, sans-serif;\"><span><b>NINOSKA PATRIZ | ARAGUA<\/b><\/span><\/span><\/p>\n<p style=\"text-align: justify;\" align=\"justify\"><span style=\"font-family: ARial, sans-serif;\"><b>La Gerencia General de Comunicaci\u00f3n y Relaciones Institucionales del Inces,<\/b> con el prop\u00f3sito de socializar orientaciones y fijar pautas de acci\u00f3n en el \u00e1mbito comunicacional, <strong>r<\/strong><b>ealiz\u00f3 una conferencia v\u00eda Zoom <\/b>donde se cont\u00f3 con la presencia virtual de los asesores comunicacionales de todo el pa\u00eds, siendo <b>coordinada por Jessica Lugo, <\/b>titular de la gerencia, quien estuvo acompa\u00f1ada por Longina Tovar, Kelly Garc\u00eda y Luis J. Gonz\u00e1lez C, responsables de Prensa, Redes y Audiovisuales, respectivamente<b>. <\/b><\/span><\/p>\n<p align=\"justify\">\n<p style=\"text-align: justify;\" align=\"justify\"><span style=\"font-family: ARial, sans-serif;\">Para todos los asistentes, representantes de los estados, qued\u00f3 claro que l<b>a<\/b><b> comunicaci\u00f3n es uno de los elementos que no s<\/b><b>e<\/b><b> det<\/b><b>uvo, ni se detendr\u00e1<\/b> durante esta \u00e9poca de cuarentena producto de la pandemia por COVID-19. Al mismo tiempo, se ha protegido la integridad y salud de todos los que trabajan incansablemente para <b>visibilizar el esfuerzo de todos los trabajadores Inces. <\/b><\/span><\/p>\n<p align=\"justify\">\n<p style=\"text-align: justify;\" align=\"justify\"><span style=\"font-family: ARial, sans-serif;\"><b>Desde el I<\/b><b>nces regi\u00f3n Aragua, <\/b>se reafirm\u00f3 que la difusi\u00f3n informativa se lleva a cabo desde conexiones remotas sorteando los obst\u00e1culos y cumpliendo con el deber, sin dejar de lado las medidas preventivas.<\/span><\/p>\n<p align=\"justify\">\n<p style=\"text-align: justify;\" align=\"justify\"><span style=\"font-family: ARial, sans-serif;\">Cabe destacar que el desarrollo de <b>actividades bajo esta modalidad de Teletrabajo, <\/b><b>acata el pronunciamiento establecido por el Presidente de la Rep\u00fablica Bolivariana<\/b> de Venezuela a fin de salvaguardar l<b>a salud ante todo<\/b>. De este modo, las Redes Inces se mantienen activas al servicio de los usuarios desde todos los rincones del pa\u00eds.\u00a0<\/span><\/p>\n<div style=\"text-align: justify;\"><\/div>\n<p>&#8212;<\/p><\/div>\n<\/div>\n<p>&nbsp;<\/p>\n","protected":false},"excerpt":{"rendered":"<p>** El rostro humano detr\u00e1s de la noticia es de vital importancia para la difusi\u00f3n informativa<\/p>\n","protected":false},"author":4,"featured_media":36851,"comment_status":"closed","ping_status":"closed","sticky":false,"template":"","format":"standard","meta":{"footnotes":""},"categories":[2,15],"tags":[86,201],"class_list":["post-36850","post","type-post","status-publish","format-standard","has-post-thumbnail","hentry","category-blog","category-periodicos","tag-aragua","tag-teletrabajo"],"_links":{"self":[{"href":"https:\/\/inces.gob.ve\/index.php\/wp-json\/wp\/v2\/posts\/36850","targetHints":{"allow":["GET"]}}],"collection":[{"href":"https:\/\/inces.gob.ve\/index.php\/wp-json\/wp\/v2\/posts"}],"about":[{"href":"https:\/\/inces.gob.ve\/index.php\/wp-json\/wp\/v2\/types\/post"}],"author":[{"embeddable":true,"href":"https:\/\/inces.gob.ve\/index.php\/wp-json\/wp\/v2\/users\/4"}],"replies":[{"embeddable":true,"href":"https:\/\/inces.gob.ve\/index.php\/wp-json\/wp\/v2\/comments?post=36850"}],"version-history":[{"count":1,"href":"https:\/\/inces.gob.ve\/index.php\/wp-json\/wp\/v2\/posts\/36850\/revisions"}],"predecessor-version":[{"id":36852,"href":"https:\/\/inces.gob.ve\/index.php\/wp-json\/wp\/v2\/posts\/36850\/revisions\/36852"}],"wp:featuredmedia":[{"embeddable":true,"href":"https:\/\/inces.gob.ve\/index.php\/wp-json\/wp\/v2\/media\/36851"}],"wp:attachment":[{"href":"https:\/\/inces.gob.ve\/index.php\/wp-json\/wp\/v2\/media?parent=36850"}],"wp:term":[{"taxonomy":"category","embeddable":true,"href":"https:\/\/inces.gob.ve\/index.php\/wp-json\/wp\/v2\/categories?post=36850"},{"taxonomy":"post_tag","embeddable":true,"href":"https:\/\/inces.gob.ve\/index.php\/wp-json\/wp\/v2\/tags?post=36850"}],"curies":[{"name":"wp","href":"https:\/\/api.w.org\/{rel}","templated":true}]}}