{"id":36871,"date":"2021-02-04T08:33:03","date_gmt":"2021-02-04T12:33:03","guid":{"rendered":"https:\/\/inces.gob.ve\/?p=36871"},"modified":"2021-02-04T08:33:03","modified_gmt":"2021-02-04T12:33:03","slug":"lara-bachilleres-productivos-realizan-cierre-de-su-proyecto","status":"publish","type":"post","link":"https:\/\/inces.gob.ve\/index.php\/2021\/02\/04\/lara-bachilleres-productivos-realizan-cierre-de-su-proyecto\/","title":{"rendered":"LARA* | Bachilleres productivos realizan cierre de su proyecto"},"content":{"rendered":"<p style=\"font-weight: 400; text-align: justify;\"><strong><em>***Siguiendo las medidas de bioseguridad por la pandemia, se efectu\u00f3 sesi\u00f3n de encuentro con j\u00f3venes participantes del bachillerato productivo<\/em><\/strong><!--more--><\/p>\n<p style=\"font-weight: 400; text-align: justify;\"><strong>LORENA ALMARZA<\/strong><\/p>\n<p style=\"font-weight: 400; text-align: justify;\"><strong>En la parroquia Tamaca\u00a0<\/strong>del municipio Iribarren, se efectu\u00f3 el\u00a0<strong><a href=\"https:\/\/twitter.com\/IncesLara2\/status\/1356000966202503170?s=20\">encuentro con participantes del Programa Bachillerato productivo<\/a>, a fin de evaluar sus proyectos de cierre,<\/strong>\u00a0y dar paso seguidamente a la culminaci\u00f3n de tan importante nivel educativo.<\/p>\n<p style=\"font-weight: 400; text-align: justify;\">\n<p style=\"font-weight: 400; text-align: justify;\">El\u00a0<strong>bachillerato productivo e<\/strong><strong>s un programa educativo<\/strong> en el cual los participantes,\u00a0<strong>adem\u00e1s de obtener su t\u00edtulo de bachiller avalado por el Ministerio del Poder Popular para la Educaci\u00f3n, logra la certificaci\u00f3n de los conocimientos t\u00e9cnicos y profesionales obtenidos a trav\u00e9s de cursos, talleres y seminarios que facilita el Inces <\/strong>y que constituyen el perfil productivo, a fin de desarrollar competencias para el trabajo.<\/p>\n<p>&nbsp;<\/p>\n<p>*SEDE<\/p>\n<p style=\"font-weight: 400; text-align: justify;\">\n<p style=\"font-weight: 400; text-align: justify;\">\n","protected":false},"excerpt":{"rendered":"<p>***Siguiendo las medidas de bioseguridad por la pandemia, se efectu\u00f3 sesi\u00f3n de encuentro con j\u00f3venes participantes del bachillerato productivo<\/p>\n","protected":false},"author":4,"featured_media":36872,"comment_status":"closed","ping_status":"closed","sticky":false,"template":"","format":"standard","meta":{"footnotes":""},"categories":[2],"tags":[139,84],"class_list":["post-36871","post","type-post","status-publish","format-standard","has-post-thumbnail","hentry","category-blog","tag-bachilleratoproductivo","tag-lara"],"_links":{"self":[{"href":"https:\/\/inces.gob.ve\/index.php\/wp-json\/wp\/v2\/posts\/36871","targetHints":{"allow":["GET"]}}],"collection":[{"href":"https:\/\/inces.gob.ve\/index.php\/wp-json\/wp\/v2\/posts"}],"about":[{"href":"https:\/\/inces.gob.ve\/index.php\/wp-json\/wp\/v2\/types\/post"}],"author":[{"embeddable":true,"href":"https:\/\/inces.gob.ve\/index.php\/wp-json\/wp\/v2\/users\/4"}],"replies":[{"embeddable":true,"href":"https:\/\/inces.gob.ve\/index.php\/wp-json\/wp\/v2\/comments?post=36871"}],"version-history":[{"count":1,"href":"https:\/\/inces.gob.ve\/index.php\/wp-json\/wp\/v2\/posts\/36871\/revisions"}],"predecessor-version":[{"id":36873,"href":"https:\/\/inces.gob.ve\/index.php\/wp-json\/wp\/v2\/posts\/36871\/revisions\/36873"}],"wp:featuredmedia":[{"embeddable":true,"href":"https:\/\/inces.gob.ve\/index.php\/wp-json\/wp\/v2\/media\/36872"}],"wp:attachment":[{"href":"https:\/\/inces.gob.ve\/index.php\/wp-json\/wp\/v2\/media?parent=36871"}],"wp:term":[{"taxonomy":"category","embeddable":true,"href":"https:\/\/inces.gob.ve\/index.php\/wp-json\/wp\/v2\/categories?post=36871"},{"taxonomy":"post_tag","embeddable":true,"href":"https:\/\/inces.gob.ve\/index.php\/wp-json\/wp\/v2\/tags?post=36871"}],"curies":[{"name":"wp","href":"https:\/\/api.w.org\/{rel}","templated":true}]}}