{"id":36916,"date":"2021-02-09T12:33:39","date_gmt":"2021-02-09T16:33:39","guid":{"rendered":"https:\/\/inces.gob.ve\/?p=36916"},"modified":"2021-02-09T13:35:22","modified_gmt":"2021-02-09T17:35:22","slug":"cojedes-garantizan-la-inclusion-de-estudiantes-con-discapacidad","status":"publish","type":"post","link":"https:\/\/inces.gob.ve\/index.php\/2021\/02\/09\/cojedes-garantizan-la-inclusion-de-estudiantes-con-discapacidad\/","title":{"rendered":"COJEDES* | Garantizan la inclusi\u00f3n de estudiantes con discapacidad"},"content":{"rendered":"<p style=\"text-align: justify;\"><strong><em>***<\/em><\/strong><strong><em>Las personas con discapacidad son sujetos de derechos y deberes, y desde el Inces se garantiza su inserci\u00f3n e inclusi\u00f3n formativa<\/em><\/strong><!--more--><\/p>\n<p style=\"text-align: justify;\">\n<p style=\"text-align: justify;\"><strong>LORENA ALMARZA<\/strong><\/p>\n<p style=\"text-align: justify;\"><strong>A fin de garantizar la inclusi\u00f3n y el <a href=\"https:\/\/twitter.com\/INCESCOJEDES\/status\/1355273768789299203?s=20\">derecho a la educaci\u00f3n de 5 estudiantes con discapacidad<\/a> en talleres de formaci\u00f3n profesional, <\/strong>en el mes de febrero del a\u00f1o en curso, <strong>se efectu\u00f3 una reuni\u00f3n con el equipo docente del Centro Integral de Tinaquillo.<\/strong><\/p>\n<p style=\"text-align: justify;\">\n<p style=\"text-align: justify;\">El <strong>Programa de Educaci\u00f3n Especial del Inces<\/strong> <strong>est\u00e1 enmarcado en la Convenci\u00f3n de los Derechos Humanos y propone la formaci\u00f3n en correspondencia a las necesidades, capacidades y potencialidades de las personas con discapacidad<\/strong> en las \u00e1reas y\/o redes de producci\u00f3n, a fin de que se incorporen al mundo del trabajo.<\/p>\n<p style=\"text-align: justify;\">\n<p style=\"text-align: justify;\">\n","protected":false},"excerpt":{"rendered":"<p>***Las personas con discapacidad son sujetos de derechos y deberes, y desde el Inces se garantiza su inserci\u00f3n e inclusi\u00f3n formativa<\/p>\n","protected":false},"author":4,"featured_media":36917,"comment_status":"closed","ping_status":"closed","sticky":false,"template":"","format":"standard","meta":{"footnotes":""},"categories":[2],"tags":[224],"class_list":["post-36916","post","type-post","status-publish","format-standard","has-post-thumbnail","hentry","category-blog","tag-cojedes"],"_links":{"self":[{"href":"https:\/\/inces.gob.ve\/index.php\/wp-json\/wp\/v2\/posts\/36916","targetHints":{"allow":["GET"]}}],"collection":[{"href":"https:\/\/inces.gob.ve\/index.php\/wp-json\/wp\/v2\/posts"}],"about":[{"href":"https:\/\/inces.gob.ve\/index.php\/wp-json\/wp\/v2\/types\/post"}],"author":[{"embeddable":true,"href":"https:\/\/inces.gob.ve\/index.php\/wp-json\/wp\/v2\/users\/4"}],"replies":[{"embeddable":true,"href":"https:\/\/inces.gob.ve\/index.php\/wp-json\/wp\/v2\/comments?post=36916"}],"version-history":[{"count":2,"href":"https:\/\/inces.gob.ve\/index.php\/wp-json\/wp\/v2\/posts\/36916\/revisions"}],"predecessor-version":[{"id":36922,"href":"https:\/\/inces.gob.ve\/index.php\/wp-json\/wp\/v2\/posts\/36916\/revisions\/36922"}],"wp:featuredmedia":[{"embeddable":true,"href":"https:\/\/inces.gob.ve\/index.php\/wp-json\/wp\/v2\/media\/36917"}],"wp:attachment":[{"href":"https:\/\/inces.gob.ve\/index.php\/wp-json\/wp\/v2\/media?parent=36916"}],"wp:term":[{"taxonomy":"category","embeddable":true,"href":"https:\/\/inces.gob.ve\/index.php\/wp-json\/wp\/v2\/categories?post=36916"},{"taxonomy":"post_tag","embeddable":true,"href":"https:\/\/inces.gob.ve\/index.php\/wp-json\/wp\/v2\/tags?post=36916"}],"curies":[{"name":"wp","href":"https:\/\/api.w.org\/{rel}","templated":true}]}}