{"id":36944,"date":"2021-02-10T12:06:00","date_gmt":"2021-02-10T16:06:00","guid":{"rendered":"https:\/\/inces.gob.ve\/?p=36944"},"modified":"2021-02-10T15:07:39","modified_gmt":"2021-02-10T19:07:39","slug":"cojedes-promueven-la-formacion-y-participacion-protagonica-de-jovenes","status":"publish","type":"post","link":"https:\/\/inces.gob.ve\/index.php\/2021\/02\/10\/cojedes-promueven-la-formacion-y-participacion-protagonica-de-jovenes\/","title":{"rendered":"COJEDES* | Promueven la formaci\u00f3n y participaci\u00f3n protag\u00f3nica de j\u00f3venes"},"content":{"rendered":"<p><strong><em>***Comprometidos con la formaci\u00f3n t\u00e9cnica&nbsp; profesional y humanista de la poblaci\u00f3n juvenil, se organizan encuentros que promuevan su participaci\u00f3n protag\u00f3nica<\/em><\/strong><!--more--><\/p>\n<p><strong><em>&nbsp;<\/em><\/strong><\/p>\n<p><strong>LORENA ALMARZA<\/strong><\/p>\n<p><strong>Bajo una visi\u00f3n humanista, y con el <\/strong><strong>fin de promover la participaci\u00f3n protag\u00f3nica de la Juventud, <\/strong>se llev\u00f3 a cabo <strong>el<a href=\"https:\/\/twitter.com\/INCESCOJEDES\/status\/1355268725914693641?s=20\"> encuentro <\/a><\/strong><strong>sobre liderazgo, equipos efectivos de trabajo y trabajo comunitario,<\/strong> que cont\u00f3 con la participaci\u00f3n de integrantes de la fundaci\u00f3n J\u00f3venes del Barrio.<\/p>\n<p>&nbsp;<\/p>\n<p>Importante referir que <strong>desde la creaci\u00f3n del Inces por parte del maestro Luis Beltr\u00e1n Prieto Figueroa, la formaci\u00f3n de los j\u00f3venes ha sido el coraz\u00f3n de dicha instituci\u00f3n<\/strong>, en tanto, para el insigne pedagogo, <strong>la construcci\u00f3n de un pa\u00eds productivo e independiente requiere de la formaci\u00f3n de ciudadanos en correspondencia con las&nbsp;<\/strong><strong>necesidades de transformaci\u00f3n sociocultural y econ\u00f3mica del pa\u00eds.<\/strong><\/p>\n","protected":false},"excerpt":{"rendered":"<p>***Comprometidos con la formaci\u00f3n t\u00e9cnica&nbsp; profesional y humanista de la poblaci\u00f3n juvenil, se organizan encuentros que promuevan su participaci\u00f3n protag\u00f3nica<\/p>\n","protected":false},"author":4,"featured_media":36945,"comment_status":"closed","ping_status":"closed","sticky":false,"template":"","format":"standard","meta":{"footnotes":""},"categories":[2],"tags":[224],"class_list":["post-36944","post","type-post","status-publish","format-standard","has-post-thumbnail","hentry","category-blog","tag-cojedes"],"_links":{"self":[{"href":"https:\/\/inces.gob.ve\/index.php\/wp-json\/wp\/v2\/posts\/36944","targetHints":{"allow":["GET"]}}],"collection":[{"href":"https:\/\/inces.gob.ve\/index.php\/wp-json\/wp\/v2\/posts"}],"about":[{"href":"https:\/\/inces.gob.ve\/index.php\/wp-json\/wp\/v2\/types\/post"}],"author":[{"embeddable":true,"href":"https:\/\/inces.gob.ve\/index.php\/wp-json\/wp\/v2\/users\/4"}],"replies":[{"embeddable":true,"href":"https:\/\/inces.gob.ve\/index.php\/wp-json\/wp\/v2\/comments?post=36944"}],"version-history":[{"count":3,"href":"https:\/\/inces.gob.ve\/index.php\/wp-json\/wp\/v2\/posts\/36944\/revisions"}],"predecessor-version":[{"id":36954,"href":"https:\/\/inces.gob.ve\/index.php\/wp-json\/wp\/v2\/posts\/36944\/revisions\/36954"}],"wp:featuredmedia":[{"embeddable":true,"href":"https:\/\/inces.gob.ve\/index.php\/wp-json\/wp\/v2\/media\/36945"}],"wp:attachment":[{"href":"https:\/\/inces.gob.ve\/index.php\/wp-json\/wp\/v2\/media?parent=36944"}],"wp:term":[{"taxonomy":"category","embeddable":true,"href":"https:\/\/inces.gob.ve\/index.php\/wp-json\/wp\/v2\/categories?post=36944"},{"taxonomy":"post_tag","embeddable":true,"href":"https:\/\/inces.gob.ve\/index.php\/wp-json\/wp\/v2\/tags?post=36944"}],"curies":[{"name":"wp","href":"https:\/\/api.w.org\/{rel}","templated":true}]}}