{"id":36947,"date":"2021-02-10T12:04:36","date_gmt":"2021-02-10T16:04:36","guid":{"rendered":"https:\/\/inces.gob.ve\/?p=36947"},"modified":"2021-02-10T13:21:15","modified_gmt":"2021-02-10T17:21:15","slug":"bolivar-hospitales-centinela-son-atendidos-por-el-inces","status":"publish","type":"post","link":"https:\/\/inces.gob.ve\/index.php\/2021\/02\/10\/bolivar-hospitales-centinela-son-atendidos-por-el-inces\/","title":{"rendered":"BOL\u00cdVAR | Hospitales centinela son atendidos por el Inces"},"content":{"rendered":"<p class=\"western\" align=\"justify\"><span style=\"color: #000000;\"><span style=\"font-family: Arial, serif;\"><span style=\"font-size: small;\"><i>**<\/i><\/span><\/span><\/span><i><b> <\/b><\/i><span style=\"color: #000000;\"><span style=\"font-family: Arial, serif;\"><span style=\"font-size: small;\"><i><b>El equipo regional de la casa formativa <\/b><\/i><\/span><\/span><\/span><span style=\"color: #000000;\"><span style=\"font-family: Arial, serif;\"><span style=\"font-size: small;\"><i><b>brind\u00f3 apoyo t\u00e9cnico a 3 hospitales pr<\/b><\/i><\/span><\/span><\/span><span style=\"color: #000000;\"><span style=\"font-family: Arial, serif;\"><span style=\"font-size: small;\"><i><b>iorizados<\/b><\/i><\/span><\/span><\/span><!--more--><\/p>\n<p align=\"justify\">\n<p class=\"western\" align=\"justify\"><b><span style=\"color: #000000;\"><span style=\"font-family: Arial, serif;\"><span style=\"font-size: medium;\">JOS\u00c9 GREGORIO SU<\/span><\/span><\/span><span style=\"color: #000000;\"><span style=\"font-family: Arial, serif;\"><span style=\"font-size: medium;\">\u00c1<\/span><\/span><\/span><span style=\"color: #000000;\"><span style=\"font-family: Arial, serif;\"><span style=\"font-size: medium;\">REZ<\/span><\/span><\/span><\/b><\/p>\n<p class=\"western\" align=\"justify\"><span style=\"font-family: Arial, serif;\">Este lunes, el <\/span><span style=\"font-family: Arial, serif;\">Inces <\/span><span style=\"font-family: Arial, serif;\">en el estado Bol\u00edvar se incorpor\u00f3 a la acci\u00f3n c\u00edvico militar <\/span><span style=\"font-family: Arial, serif;\"><b>\u201cFuerza de Tarea Conjunta Especial de Salud Dr. Jos\u00e9 Gregorio Hern\u00e1ndez, <\/b><\/span><span style=\"font-family: Arial, serif;\">con la visita a los hospitales Centinelas: <\/span><span style=\"font-family: Arial, serif;\"><b>\u201cRuiz y P\u00e1ez\u201d <\/b><\/span><span style=\"font-family: Arial, serif;\">de Ciudad Bol\u00edvar<\/span><span style=\"font-family: Arial, serif;\"><b>, \u201cGervasio Vera Custodio\u201d<\/b><\/span><span style=\"font-family: Arial, serif;\"> de Upata y <\/span><span style=\"font-family: Arial, serif;\"><b>\u201cRosario Vera Zurita\u201d<\/b><\/span><span style=\"font-family: Arial, serif;\"> de Santa Elena de Uair\u00e9n.<\/span><\/p>\n<p class=\"western\" align=\"justify\">\n<p class=\"western\" align=\"justify\"><span style=\"font-family: Arial, serif;\">El abordaje lo <\/span><span style=\"font-family: Arial, serif;\">realiz\u00f3 <\/span><span style=\"font-family: Arial, serif;\">la <\/span><span style=\"font-family: Arial, serif;\">g<\/span><span style=\"font-family: Arial, serif;\">erente <\/span><span style=\"font-family: Arial, serif;\">r<\/span><span style=\"font-family: Arial, serif;\">egional del Inces Bol\u00edvar, Ruth Jim\u00e9nez; las autoridades estadales de la Regi\u00f3n Estrat\u00e9gica de Defensa Integral Guayana (Redi Guayana) y Gran Misi\u00f3n Barrio Nuevo Barrio Tricolor.<\/span><\/p>\n<p class=\"western\" align=\"justify\">\n<p class=\"western\" align=\"justify\"><span style=\"font-family: Arial, serif;\">Durante el recorrido, se hizo <\/span><span style=\"font-family: Arial, serif;\"><b>diagn\u00f3stico t\u00e9cnico de los equipos de refrigeraci\u00f3n y electricidad, indic<\/b><\/span><span style=\"font-family: Arial, serif;\"><b>\u00e1<\/b><\/span><span style=\"font-family: Arial, serif;\"><b>ndose la priorizaci\u00f3n de mejoras en las salas <\/b><\/span><span style=\"font-family: Arial, serif;\"><b>m<\/b><\/span><span style=\"font-family: Arial, serif;\"><b>orgues<\/b><\/span><span style=\"font-family: Arial, serif;\">; igualmente se levant\u00f3 inventario de los <\/span><span style=\"font-family: Arial, serif;\">materiales <\/span><span style=\"font-family: Arial, serif;\">y<\/span><span style=\"font-family: Arial, serif;\"> herramientas necesarias para el desarrollo de las<\/span><span style=\"font-family: Arial, serif;\"> tareas en pro de ejecutar las mejoras <\/span><span style=\"font-family: Arial, serif;\">en el centro m\u00e9dico \u201c<\/span><span style=\"font-family: Arial, serif;\">Ruiz y P\u00e1ez\u201d de Ciudad Bol\u00edvar.<\/span><\/p>\n<p class=\"western\" align=\"justify\">\n<p class=\"western\" align=\"justify\"><span style=\"font-family: Arial, serif;\">En otro orden de ideas, <\/span><span style=\"font-family: Arial, serif;\">la Gerente Regional del Inces Bol\u00edvar <\/span><span style=\"font-family: Arial, serif;\"><b>inform\u00f3 que fabricar\u00e1n 100 juegos de S\u00e1banas a trav\u00e9s del Programa Textil, <\/b><\/span><span style=\"font-family: Arial, serif;\">para el <\/span><span style=\"font-family: Arial, serif;\">centro m\u00e9dico \u201c<\/span><span style=\"font-family: Arial, serif;\"><b>Ruiz y P\u00e1ez\u201d, en una acci\u00f3n mancomunada con la <\/b><\/span><span style=\"font-family: Arial, serif;\"><b>g<\/b><\/span><span style=\"font-family: Arial, serif;\"><b>obernaci\u00f3n del estado.<\/b><\/span><\/p>\n<p class=\"western\" align=\"justify\">\n<p class=\"western\" align=\"justify\"><span style=\"font-family: Arial, serif;\">De igual manera se brindar\u00e1 apoyo con la <\/span><span style=\"font-family: Arial, serif;\"><b>fabricaci\u00f3n de trajes de bioseguridad contra el COVID-19, para el Hospital Militar \u201cRosario Vera Zurita\u201d de Santa Elena de Uair\u00e9n<\/b><\/span><span style=\"font-family: Arial, serif;\">.<\/span><\/p>\n<p class=\"western\" align=\"justify\">\n<p class=\"western\">\n","protected":false},"excerpt":{"rendered":"<p>** El equipo regional de la casa formativa brind\u00f3 apoyo t\u00e9cnico a 3 hospitales priorizados<\/p>\n","protected":false},"author":4,"featured_media":36948,"comment_status":"closed","ping_status":"closed","sticky":false,"template":"","format":"standard","meta":{"footnotes":""},"categories":[2],"tags":[93,277,276],"class_list":["post-36947","post","type-post","status-publish","format-standard","has-post-thumbnail","hentry","category-blog","tag-bolivar","tag-drjosegregoriohernandez","tag-fuerzadetrabajoespecial"],"_links":{"self":[{"href":"https:\/\/inces.gob.ve\/index.php\/wp-json\/wp\/v2\/posts\/36947","targetHints":{"allow":["GET"]}}],"collection":[{"href":"https:\/\/inces.gob.ve\/index.php\/wp-json\/wp\/v2\/posts"}],"about":[{"href":"https:\/\/inces.gob.ve\/index.php\/wp-json\/wp\/v2\/types\/post"}],"author":[{"embeddable":true,"href":"https:\/\/inces.gob.ve\/index.php\/wp-json\/wp\/v2\/users\/4"}],"replies":[{"embeddable":true,"href":"https:\/\/inces.gob.ve\/index.php\/wp-json\/wp\/v2\/comments?post=36947"}],"version-history":[{"count":1,"href":"https:\/\/inces.gob.ve\/index.php\/wp-json\/wp\/v2\/posts\/36947\/revisions"}],"predecessor-version":[{"id":36949,"href":"https:\/\/inces.gob.ve\/index.php\/wp-json\/wp\/v2\/posts\/36947\/revisions\/36949"}],"wp:featuredmedia":[{"embeddable":true,"href":"https:\/\/inces.gob.ve\/index.php\/wp-json\/wp\/v2\/media\/36948"}],"wp:attachment":[{"href":"https:\/\/inces.gob.ve\/index.php\/wp-json\/wp\/v2\/media?parent=36947"}],"wp:term":[{"taxonomy":"category","embeddable":true,"href":"https:\/\/inces.gob.ve\/index.php\/wp-json\/wp\/v2\/categories?post=36947"},{"taxonomy":"post_tag","embeddable":true,"href":"https:\/\/inces.gob.ve\/index.php\/wp-json\/wp\/v2\/tags?post=36947"}],"curies":[{"name":"wp","href":"https:\/\/api.w.org\/{rel}","templated":true}]}}