{"id":36975,"date":"2021-02-11T15:36:55","date_gmt":"2021-02-11T19:36:55","guid":{"rendered":"https:\/\/inces.gob.ve\/?p=36975"},"modified":"2021-02-11T15:39:09","modified_gmt":"2021-02-11T19:39:09","slug":"viceministro-de-educacion-exhorto-a-la-juventud-a-fortalecer-la-formacion-tecnica-profesional","status":"publish","type":"post","link":"https:\/\/inces.gob.ve\/index.php\/2021\/02\/11\/viceministro-de-educacion-exhorto-a-la-juventud-a-fortalecer-la-formacion-tecnica-profesional\/","title":{"rendered":"Viceministro de Educaci\u00f3n exhort\u00f3 a la juventud a fortalecer la formaci\u00f3n t\u00e9cnica profesional"},"content":{"rendered":"<p class=\"western\" style=\"text-align: justify;\"><em><b>** La formaci\u00f3n t\u00e9cnica como pol\u00edtica p\u00fablica es una prioridad en 2021<\/b><\/em><!--more--><\/p>\n<p>https:\/\/www.youtube.com\/watch?v=uArA3mcJgiE<\/p>\n<p class=\"western\" style=\"text-align: justify;\"><b>DIMAS P\u00c1EZ<\/b><\/p>\n<p class=\"western\" style=\"text-align: justify;\">El pasado 20 de enero sostuvieron un encuentro el presidente del Inces, Wuikelman Angel; C\u00e9sar Trompiz, Ministro de Educaci\u00f3n Universitaria y otros entes p\u00fablicos, con la finalidad de llevar al Ejecutivo Nacional una propuesta para que la Formaci\u00f3n T\u00e9cnica Profesional llegu\u00e9 a ser una pol\u00edtica p\u00fablica en el pa\u00eds.<\/p>\n<p class=\"western\" style=\"text-align: justify;\">\n<p class=\"western\" style=\"text-align: justify;\">Al respecto, Jorge P\u00e9rez, viceministro de Educaci\u00f3n, expres\u00f3 en el programa de radio Somos Inces, conducido por el periodista Luis J. Gonz\u00e1lez C.: \u00abLas necesidades propias del pa\u00eds indican que el Inces debe formar a los j\u00f3venes para el desarrollo y futuro de la naci\u00f3n, apoyando la formaci\u00f3n t\u00e9cnica profesional\u00bb.<\/p>\n<p class=\"western\" style=\"text-align: justify;\">\n<p class=\"western\" style=\"text-align: justify;\">P\u00e9rez, declaro: \u00abTraigo la inspiraci\u00f3n por el trabajo y el ejemplo que nos dej\u00f3 el comandante eterno para el desarrollo del pa\u00eds\u00bb.<\/p>\n<p class=\"western\" style=\"text-align: justify;\">\n<p class=\"western\" style=\"text-align: justify;\">As\u00ed mismo agreg\u00f3: \u00abLa esperanza, lo que quiere la Revoluci\u00f3n Bolivariana es llevar a la patria hac\u00eda un porvenir y mejor desarrollo del pueblo venezolano. Nosotros hoy tememos que garantizar la educaci\u00f3n, para que los j\u00f3venes tengan una Formaci\u00f3n T\u00e9cnica Profesional para el engrandecimiento de la naci\u00f3n\u00bb.<\/p>\n<p class=\"western\" style=\"text-align: justify;\">\n<p class=\"western\" style=\"text-align: justify;\">Para finalizar el viceministro opin\u00f3: \u00abLa organizaci\u00f3n de los j\u00f3venes es importante y a trav\u00e9s de los diferentes entes el gobierno nacional les garantizamos su formaci\u00f3n\u00bb.<\/p>\n","protected":false},"excerpt":{"rendered":"<p>** La formaci\u00f3n t\u00e9cnica como pol\u00edtica p\u00fablica es una prioridad en 2021<\/p>\n","protected":false},"author":4,"featured_media":36976,"comment_status":"closed","ping_status":"closed","sticky":false,"template":"","format":"standard","meta":{"footnotes":""},"categories":[2],"tags":[186,149],"class_list":["post-36975","post","type-post","status-publish","format-standard","has-post-thumbnail","hentry","category-blog","tag-somosincesradio","tag-viceministeriodeeducacion"],"_links":{"self":[{"href":"https:\/\/inces.gob.ve\/index.php\/wp-json\/wp\/v2\/posts\/36975","targetHints":{"allow":["GET"]}}],"collection":[{"href":"https:\/\/inces.gob.ve\/index.php\/wp-json\/wp\/v2\/posts"}],"about":[{"href":"https:\/\/inces.gob.ve\/index.php\/wp-json\/wp\/v2\/types\/post"}],"author":[{"embeddable":true,"href":"https:\/\/inces.gob.ve\/index.php\/wp-json\/wp\/v2\/users\/4"}],"replies":[{"embeddable":true,"href":"https:\/\/inces.gob.ve\/index.php\/wp-json\/wp\/v2\/comments?post=36975"}],"version-history":[{"count":2,"href":"https:\/\/inces.gob.ve\/index.php\/wp-json\/wp\/v2\/posts\/36975\/revisions"}],"predecessor-version":[{"id":36978,"href":"https:\/\/inces.gob.ve\/index.php\/wp-json\/wp\/v2\/posts\/36975\/revisions\/36978"}],"wp:featuredmedia":[{"embeddable":true,"href":"https:\/\/inces.gob.ve\/index.php\/wp-json\/wp\/v2\/media\/36976"}],"wp:attachment":[{"href":"https:\/\/inces.gob.ve\/index.php\/wp-json\/wp\/v2\/media?parent=36975"}],"wp:term":[{"taxonomy":"category","embeddable":true,"href":"https:\/\/inces.gob.ve\/index.php\/wp-json\/wp\/v2\/categories?post=36975"},{"taxonomy":"post_tag","embeddable":true,"href":"https:\/\/inces.gob.ve\/index.php\/wp-json\/wp\/v2\/tags?post=36975"}],"curies":[{"name":"wp","href":"https:\/\/api.w.org\/{rel}","templated":true}]}}