{"id":36979,"date":"2021-02-11T15:12:27","date_gmt":"2021-02-11T19:12:27","guid":{"rendered":"https:\/\/inces.gob.ve\/?p=36979"},"modified":"2021-02-11T18:14:46","modified_gmt":"2021-02-11T22:14:46","slug":"portuguesa-emprendedoras-son-atendidas-por-entes-regionales","status":"publish","type":"post","link":"https:\/\/inces.gob.ve\/index.php\/2021\/02\/11\/portuguesa-emprendedoras-son-atendidas-por-entes-regionales\/","title":{"rendered":"PORTUGUESA*| Emprendedoras son atendidas por entes regionales"},"content":{"rendered":"<p align=\"justify\"><i><span style=\"font-family: Times New Roman, serif;\"><span style=\"font-size: medium;\"><b>** El Inces est\u00e1 en constante articulaci\u00f3n con entidades p\u00fablicas y privadas que se enfocan en el apalancamiento de la producci\u00f3n nacional<\/b><\/span><\/span><\/i><!--more--><\/p>\n<p align=\"justify\"><span style=\"font-family: Times New Roman, serif;\"><span style=\"font-size: medium;\"><b>LONGINA TOVAR<\/b><\/span><\/span><\/p>\n<p align=\"justify\"><span style=\"font-family: Times New Roman, serif;\"><span style=\"font-size: medium;\">La gerente regional del <\/span><\/span><span style=\"font-family: Times New Roman, serif;\"><span style=\"font-size: medium;\"><b>Inces en el estado Portuguesa<\/b><\/span><\/span><span style=\"font-family: Times New Roman, serif;\"><span style=\"font-size: medium;\">, Aracelis Bello, asisti\u00f3 a una <a href=\"https:\/\/www.facebook.com\/photofbid=1162344507533216&amp;set=a.135772246857119\">reuni\u00f3n de planificaci\u00f3n <\/a>con personal de <\/span><\/span><span style=\"font-family: Times New Roman, serif;\"><span style=\"font-size: medium;\"><b>Sunagro y de la Casa de Gobierno<\/b><\/span><\/span><span style=\"font-family: Times New Roman, serif;\"><span style=\"font-size: medium;\"> \u201cTeresita Heredia\u201d, a la luz de definir algunas <\/span><\/span><span style=\"font-family: Times New Roman, serif;\"><span style=\"font-size: medium;\"><b>acciones que puedan ser ejecutadas en conjunto para apoyar a las mujeres emprendedoras <\/b><\/span><\/span><span style=\"font-family: Times New Roman, serif;\"><span style=\"font-size: medium;\">de esa entidad.<\/span><\/span><b> <\/b><\/p>\n<p align=\"justify\">\n<p align=\"justify\"><span style=\"font-family: Times New Roman, serif;\"><span style=\"font-size: medium;\">Todo emprendedor debe formarse para ofrecer un servicio o producto de calidad, por ello, el Inces pone a disposici\u00f3n de todos los interesados, el <\/span><\/span><span style=\"font-family: Times New Roman, serif;\"><span style=\"font-size: medium;\"><b>conocimiento t\u00e9cnico para la realizaci\u00f3n de un trabajo \u00f3ptimo <\/b><\/span><\/span><span style=\"font-family: Times New Roman, serif;\"><span style=\"font-size: medium;\">que satisfaga la necesidad del demandante<\/span><\/span><span style=\"font-family: Times New Roman, serif;\"><span style=\"font-size: medium;\"><b>.<\/b><\/span><\/span><\/p>\n","protected":false},"excerpt":{"rendered":"<p>** El Inces est\u00e1 en constante articulaci\u00f3n con entidades p\u00fablicas y privadas que se enfocan en el apalancamiento de la producci\u00f3n nacional<\/p>\n","protected":false},"author":4,"featured_media":36980,"comment_status":"closed","ping_status":"closed","sticky":false,"template":"","format":"standard","meta":{"footnotes":""},"categories":[2],"tags":[264,92],"class_list":["post-36979","post","type-post","status-publish","format-standard","has-post-thumbnail","hentry","category-blog","tag-emprendedores","tag-portuguesa"],"_links":{"self":[{"href":"https:\/\/inces.gob.ve\/index.php\/wp-json\/wp\/v2\/posts\/36979","targetHints":{"allow":["GET"]}}],"collection":[{"href":"https:\/\/inces.gob.ve\/index.php\/wp-json\/wp\/v2\/posts"}],"about":[{"href":"https:\/\/inces.gob.ve\/index.php\/wp-json\/wp\/v2\/types\/post"}],"author":[{"embeddable":true,"href":"https:\/\/inces.gob.ve\/index.php\/wp-json\/wp\/v2\/users\/4"}],"replies":[{"embeddable":true,"href":"https:\/\/inces.gob.ve\/index.php\/wp-json\/wp\/v2\/comments?post=36979"}],"version-history":[{"count":1,"href":"https:\/\/inces.gob.ve\/index.php\/wp-json\/wp\/v2\/posts\/36979\/revisions"}],"predecessor-version":[{"id":36981,"href":"https:\/\/inces.gob.ve\/index.php\/wp-json\/wp\/v2\/posts\/36979\/revisions\/36981"}],"wp:featuredmedia":[{"embeddable":true,"href":"https:\/\/inces.gob.ve\/index.php\/wp-json\/wp\/v2\/media\/36980"}],"wp:attachment":[{"href":"https:\/\/inces.gob.ve\/index.php\/wp-json\/wp\/v2\/media?parent=36979"}],"wp:term":[{"taxonomy":"category","embeddable":true,"href":"https:\/\/inces.gob.ve\/index.php\/wp-json\/wp\/v2\/categories?post=36979"},{"taxonomy":"post_tag","embeddable":true,"href":"https:\/\/inces.gob.ve\/index.php\/wp-json\/wp\/v2\/tags?post=36979"}],"curies":[{"name":"wp","href":"https:\/\/api.w.org\/{rel}","templated":true}]}}