{"id":36994,"date":"2021-02-12T10:00:30","date_gmt":"2021-02-12T14:00:30","guid":{"rendered":"https:\/\/inces.gob.ve\/?p=36994"},"modified":"2021-02-12T10:16:11","modified_gmt":"2021-02-12T14:16:11","slug":"falcon-a-207-anos-de-la-batalla-de-la-victoria","status":"publish","type":"post","link":"https:\/\/inces.gob.ve\/index.php\/2021\/02\/12\/falcon-a-207-anos-de-la-batalla-de-la-victoria\/","title":{"rendered":"FALC\u00d3N | A 207 a\u00f1os de la Batalla de La Victoria"},"content":{"rendered":"<p style=\"text-align: justify;\"><span style=\"font-size: 14pt;\"><em><strong>** \u201cSon los j\u00f3venes la garant\u00eda de la patria eterna, son ustedes juventud consciente, sin ustedes juventud unida, estudiosa y sabia, sin ustedes con las luces y la moral, no habr\u00eda Patria\u201d, Hugo Ch\u00e1vez Fr\u00edas<\/strong><\/em><!--more--><\/span><\/p>\n<p style=\"text-align: justify;\">\n<p style=\"text-align: justify;\"><span style=\"font-size: 14pt;\"><strong>MIRIAM GONZ\u00c1LEZ VILLARROEL <\/strong><\/span><br \/>\n<span style=\"font-size: 14pt;\">Con motivo de celebrarse el 12 de febrero el D\u00eda de la Juventud en Venezuela, fecha que recuerda la acci\u00f3n de gran esfuerzo y valor que en 1814 protagoniz\u00f3 la juventud venezolana y los estudiantes, conducidos por el general F\u00e9lix Ribas, en la cual, defendieron su patria hasta la muerte en el enfrentamiento militar de la Guerra de Independencia de Venezuela.<\/span><\/p>\n<p style=\"text-align: justify;\">\n<p>&nbsp;<\/p>\n<p style=\"text-align: justify;\"><span style=\"font-size: 14pt;\">Se cumplen 207 a\u00f1os de este hecho trascendental en la historia del pa\u00eds, y es bien importante resaltar y mencionar que en el estado Falc\u00f3n los j\u00f3venes son en su mayor\u00eda quienes integran los diversos programas del Inces, resaltando que es mayoritaria la participaci\u00f3n de la mujer, quienes en constante lucha y a pesar de las adversidades producidas por la pandemia del COVID-19 durante el a\u00f1o 2020, fueron consecuentes en su formaci\u00f3n profesional para aprender un oficio productivo.<\/span><\/p>\n<p>&nbsp;<\/p>\n<p>&nbsp;<\/p>\n<p style=\"text-align: justify;\"><span style=\"font-size: 14pt;\">En el estado Falc\u00f3n, los j\u00f3venes provienen de los diferentes \u00e1mbitos: comunidad, centros de formaci\u00f3n socialistas (CFS), entidades de trabajo, instituciones educativas, centros penitenciarios y sistemas de misiones, obteni\u00e9ndose resultados bastante exitosos, d\u00f3nde los j\u00f3venes han sido los protagonistas al incursionar con la formaci\u00f3n productiva al campo de trabajo, en \u00e1reas muy demandadas como la construcci\u00f3n, banca y finanzas, turismo, industria, nuevo modelo de gesti\u00f3n agroalimentaria y telecomunicaciones, precis\u00f3 Darwin Paredes, jefe de la Divisi\u00f3n de Formaci\u00f3n Profesional.<\/span><\/p>\n<p>&nbsp;<\/p>\n<p>&nbsp;<\/p>\n<p style=\"text-align: justify;\"><span style=\"font-size: 14pt;\">Por otra parte, la gerente regional, Eneyda Mart\u00ednez Rodr\u00edguez, manifiesta: \u201ces una muchachada que est\u00e1 comprometida a impulsar la diversificaci\u00f3n del aparato productivo nacional y regional, porque son los j\u00f3venes los llamados a enfrentar los grandes retos que se avecinan en el pa\u00eds\u201d.<\/span><\/p>\n<p>&nbsp;<\/p>\n<p>&nbsp;<\/p>\n<p style=\"text-align: justify;\"><span style=\"font-size: 14pt;\">\u00abEstos j\u00f3venes, en su mayor\u00eda son emprendedores, creativos, innovadores y aut\u00e9nticos en cada una de las \u00e1reas que se han destacado, son la generaci\u00f3n de relevo. Por ello se hace bien interesante mencionar que hay que darles m\u00e9ritos a los j\u00f3venes, a los cuales el Gobierno Revolucionario les ha brindado la oportunidad a trav\u00e9s del Inces de visibilizarlos, bien sea como participantes, como estudiantes o como trabajadores en formaci\u00f3n, porque son los j\u00f3venes, los llamados a brindar nuevas ideas, innovar y aportar en la construcci\u00f3n de un mejor pa\u00eds\u00bb, precis\u00f3 Mart\u00ednez<\/span><\/p>\n<p>&nbsp;<\/p>\n<p>&nbsp;<\/p>\n<p style=\"text-align: justify;\"><span style=\"font-size: 14pt;\">El Inces enaltece a la juventud de vanguardia, lo cual es una gran tarea, porque son los j\u00f3venes la generaci\u00f3n de relevo y los que deben enfrentar los grandes retos, es la juventud la llamada a valorar la participaci\u00f3n heroica que en el a\u00f1o 1814 protagonizaron los j\u00f3venes con Jos\u00e9 F\u00e9lix Ribas, aprovechando con compromiso y responsabilidad las pol\u00edticas educativas de inclusi\u00f3n que adelanta el Inces, con responsabilidad para transformar productivamente el pa\u00eds que queremos.<\/span><\/p>\n<p>&nbsp;<\/p>\n<p style=\"text-align: justify;\">\n<p><span style=\"font-size: 14pt;\">Prensa Inces Falc\u00f3n<\/span><\/p>\n","protected":false},"excerpt":{"rendered":"<p>** \u201cSon los j\u00f3venes la garant\u00eda de la patria eterna, son ustedes juventud consciente, sin ustedes juventud unida, estudiosa y sabia, sin ustedes con las luces y la moral, no habr\u00eda Patria\u201d, Hugo Ch\u00e1vez Fr\u00edas<\/p>\n","protected":false},"author":4,"featured_media":36985,"comment_status":"closed","ping_status":"closed","sticky":false,"template":"","format":"standard","meta":{"footnotes":""},"categories":[2],"tags":[144,285],"class_list":["post-36994","post","type-post","status-publish","format-standard","has-post-thumbnail","hentry","category-blog","tag-efemerides","tag-trabajoespecial"],"_links":{"self":[{"href":"https:\/\/inces.gob.ve\/index.php\/wp-json\/wp\/v2\/posts\/36994","targetHints":{"allow":["GET"]}}],"collection":[{"href":"https:\/\/inces.gob.ve\/index.php\/wp-json\/wp\/v2\/posts"}],"about":[{"href":"https:\/\/inces.gob.ve\/index.php\/wp-json\/wp\/v2\/types\/post"}],"author":[{"embeddable":true,"href":"https:\/\/inces.gob.ve\/index.php\/wp-json\/wp\/v2\/users\/4"}],"replies":[{"embeddable":true,"href":"https:\/\/inces.gob.ve\/index.php\/wp-json\/wp\/v2\/comments?post=36994"}],"version-history":[{"count":1,"href":"https:\/\/inces.gob.ve\/index.php\/wp-json\/wp\/v2\/posts\/36994\/revisions"}],"predecessor-version":[{"id":36995,"href":"https:\/\/inces.gob.ve\/index.php\/wp-json\/wp\/v2\/posts\/36994\/revisions\/36995"}],"wp:featuredmedia":[{"embeddable":true,"href":"https:\/\/inces.gob.ve\/index.php\/wp-json\/wp\/v2\/media\/36985"}],"wp:attachment":[{"href":"https:\/\/inces.gob.ve\/index.php\/wp-json\/wp\/v2\/media?parent=36994"}],"wp:term":[{"taxonomy":"category","embeddable":true,"href":"https:\/\/inces.gob.ve\/index.php\/wp-json\/wp\/v2\/categories?post=36994"},{"taxonomy":"post_tag","embeddable":true,"href":"https:\/\/inces.gob.ve\/index.php\/wp-json\/wp\/v2\/tags?post=36994"}],"curies":[{"name":"wp","href":"https:\/\/api.w.org\/{rel}","templated":true}]}}