{"id":37111,"date":"2021-02-20T10:03:08","date_gmt":"2021-02-20T14:03:08","guid":{"rendered":"https:\/\/inces.gob.ve\/?p=37111"},"modified":"2021-02-20T10:14:20","modified_gmt":"2021-02-20T14:14:20","slug":"aragua-adaptados-al-nuevo-estilo-de-produccion-formativa-se-acompano-a-las-comunidades-desde-la-nueva-normalidad-en-tiempos-de-pandemia","status":"publish","type":"post","link":"https:\/\/inces.gob.ve\/index.php\/2021\/02\/20\/aragua-adaptados-al-nuevo-estilo-de-produccion-formativa-se-acompano-a-las-comunidades-desde-la-nueva-normalidad-en-tiempos-de-pandemia\/","title":{"rendered":"ARAGUA | Adaptados al nuevo estilo de producci\u00f3n formativa se acompa\u00f1\u00f3 a las comunidades desde la nueva normalidad en tiempos de Pandemia"},"content":{"rendered":"<p style=\"text-align: justify;\" align=\"center\"><em><span style=\"font-family: ARial, sans-serif; font-size: 14pt;\">** <\/span><span style=\"font-family: ARial, sans-serif; font-size: 14pt;\"><b>El objetivo principal fue la promoci\u00f3n de la producci\u00f3n formativa en modalidad a distancia y puntos de asesor\u00edas pedag\u00f3gicas<\/b><\/span><\/em><!--more--><\/p>\n<p>&nbsp;<\/p>\n<p><strong><span style=\"font-size: 14pt;\">NINOSKA PATRIZ<\/span><\/strong><\/p>\n<p style=\"text-align: justify;\" align=\"justify\"><span style=\"font-family: ARial, sans-serif; font-size: 14pt;\">Los centros de formaci\u00f3n socialistas Construcci\u00f3n y Textil, en alianza con Karin Mendoza, directora de desarrollo social, responsable municipal del movimiento Somos Venezuela, acompa\u00f1aron la Jornada de Gobierno de Calle, la cual fue posible gracias a la Gesti\u00f3n del alcalde Bruyerbi Su\u00e1rez y del gobernador del Estado G\/D Rodolfo Marco Torres, desde el sector La Candelaria.<\/span><\/p>\n<p align=\"justify\">\n<p align=\"justify\">\n<p style=\"text-align: justify;\" align=\"justify\"><span style=\"font-family: ARial, sans-serif; font-size: 14pt;\">Durante la misma se realiz\u00f3 la promoci\u00f3n de la modalidad a distancia de la producci\u00f3n formativa y\u00a0 la prestaci\u00f3n gratuita de sus servicios en atenci\u00f3n integral a todas las familias y vecinos de la comunidad. El Inces comparti\u00f3 junto a las diferentes organizaciones y misiones revolucionarias presentes. <\/span><\/p>\n<p align=\"justify\">\n<p align=\"justify\">\n<p style=\"text-align: justify;\" align=\"justify\"><span style=\"font-family: ARial, sans-serif; font-size: 14pt;\">En esta ocasi\u00f3n, se destac\u00f3 la venta solidaria de Prote\u00ednas y Hortalizas, el acompa\u00f1amiento y la asesor\u00eda integral de salud gracias la la Misi\u00f3n Barrio Adentro. Y desde el Inces se expuso la muestra de ropa y tapabocas con detalles llamativos para damas, caballeros y ni\u00f1as y ni\u00f1os en conciencia para impedir la cadena de contagios por COVID-19. <\/span><\/p>\n<p align=\"justify\">\n<p align=\"justify\">\n<p style=\"text-align: justify;\" align=\"justify\"><span style=\"font-family: ARial, sans-serif; font-size: 14pt;\">Del mismo modo, se realizaron orientaciones en materia construcci\u00f3n, mantenimiento b\u00e1sico de equipos de computaci\u00f3n, electrodom\u00e9sticos, electricidad, costura, agroecolog\u00eda, Programa Nacional de Formaci\u00f3n y Adiestramiento de Empresas, entre otras \u00e1reas. <\/span><\/p>\n<p align=\"justify\">\n<p align=\"justify\">\n<p style=\"text-align: justify;\" align=\"justify\"><span style=\"font-family: ARial, sans-serif;\"><span style=\"font-size: 14pt;\">En este aspecto la presencia de nuevos emprendedores comunales con variedad de detalles motivados al d\u00eda del amor y la amistad para su adquisici\u00f3n solidaria fue de gran importancia. As\u00ed pues, vecinas y vecinos, disfrutaron del servicio de barber\u00eda, peluquer\u00eda y en este aspecto, el Programa Penitenciario \u201cLuisa C\u00e1ceres de Arismendi\u201d particip\u00f3 en el evento.<\/span> <\/span><\/p>\n","protected":false},"excerpt":{"rendered":"<p>** El objetivo principal fue la promoci\u00f3n de la producci\u00f3n formativa en modalidad a distancia y puntos de asesor\u00edas pedag\u00f3gicas<\/p>\n","protected":false},"author":4,"featured_media":37112,"comment_status":"closed","ping_status":"closed","sticky":false,"template":"","format":"standard","meta":{"footnotes":""},"categories":[2],"tags":[86],"class_list":["post-37111","post","type-post","status-publish","format-standard","has-post-thumbnail","hentry","category-blog","tag-aragua"],"_links":{"self":[{"href":"https:\/\/inces.gob.ve\/index.php\/wp-json\/wp\/v2\/posts\/37111","targetHints":{"allow":["GET"]}}],"collection":[{"href":"https:\/\/inces.gob.ve\/index.php\/wp-json\/wp\/v2\/posts"}],"about":[{"href":"https:\/\/inces.gob.ve\/index.php\/wp-json\/wp\/v2\/types\/post"}],"author":[{"embeddable":true,"href":"https:\/\/inces.gob.ve\/index.php\/wp-json\/wp\/v2\/users\/4"}],"replies":[{"embeddable":true,"href":"https:\/\/inces.gob.ve\/index.php\/wp-json\/wp\/v2\/comments?post=37111"}],"version-history":[{"count":1,"href":"https:\/\/inces.gob.ve\/index.php\/wp-json\/wp\/v2\/posts\/37111\/revisions"}],"predecessor-version":[{"id":37113,"href":"https:\/\/inces.gob.ve\/index.php\/wp-json\/wp\/v2\/posts\/37111\/revisions\/37113"}],"wp:featuredmedia":[{"embeddable":true,"href":"https:\/\/inces.gob.ve\/index.php\/wp-json\/wp\/v2\/media\/37112"}],"wp:attachment":[{"href":"https:\/\/inces.gob.ve\/index.php\/wp-json\/wp\/v2\/media?parent=37111"}],"wp:term":[{"taxonomy":"category","embeddable":true,"href":"https:\/\/inces.gob.ve\/index.php\/wp-json\/wp\/v2\/categories?post=37111"},{"taxonomy":"post_tag","embeddable":true,"href":"https:\/\/inces.gob.ve\/index.php\/wp-json\/wp\/v2\/tags?post=37111"}],"curies":[{"name":"wp","href":"https:\/\/api.w.org\/{rel}","templated":true}]}}