{"id":37149,"date":"2021-02-23T06:15:50","date_gmt":"2021-02-23T10:15:50","guid":{"rendered":"https:\/\/inces.gob.ve\/?p=37149"},"modified":"2021-02-22T23:50:11","modified_gmt":"2021-02-23T03:50:11","slug":"yaracuy-iniciaron-los-trabajos-de-recuperacion-en-hospitales-priorizados","status":"publish","type":"post","link":"https:\/\/inces.gob.ve\/index.php\/2021\/02\/23\/yaracuy-iniciaron-los-trabajos-de-recuperacion-en-hospitales-priorizados\/","title":{"rendered":"YARACUY | Iniciaron los trabajos de recuperaci\u00f3n en hospitales priorizados"},"content":{"rendered":"<p style=\"text-align: justify;\"><span style=\"font-size: 14pt;\"><strong><em>** M\u00e1s de seis instituciones trabajan de la mano para garantizar a los yaracuyanos un sistema de salud p\u00fablico de calidad<\/em><\/strong><!--more--><\/span><\/p>\n<p style=\"text-align: justify;\">\n<p style=\"text-align: justify;\"><span style=\"font-size: 14pt;\"><strong>LONGINA TOVAR &#8211; D. S\u00e1nchez<\/strong><\/span><\/p>\n<p style=\"text-align: justify;\"><span style=\"font-size: 14pt;\">Los hospitales \u00abPl\u00e1cido Daniel Rodr\u00edguez Rivero\u00bb y el pedi\u00e1trico \u00abNi\u00f1os Jes\u00fas\u00bb son los centros de salud priorizados en el estado Yaracuy, por lo cual ya han sido acogido por las instituciones del Estado que forman parte de la Fuerza de Tarea Especial \u00abDr. Jos\u00e9 Gregorio Hern\u00e1ndez\u00bb.<\/span><\/p>\n<p style=\"text-align: justify;\">\n<p style=\"text-align: justify;\">\n<p style=\"text-align: justify;\"><span style=\"font-size: 14pt;\">Para determinar las acciones a tomar, el pasado 12 de febrero estuvieron reunidos el gerente regional del Inces Yaracuy, Dalvi Torrelalba; por la Zodi, el coronel Luis P\u00e9rez; en representaci\u00f3n de Construpatria, Victor SAlcedo y por Barrio Nuevo Barrio Tricolor, Juan Arteaga y Clerybert Torres.<\/span><\/p>\n<p style=\"text-align: justify;\">\n<p><img loading=\"lazy\" decoding=\"async\" class=\"aligncenter wp-image-37151 size-full\" src=\"https:\/\/inces.gob.ve\/wp-content\/uploads\/2021\/02\/WhatsApp-Image-2021-02-22-at-23.46.27.jpeg\" alt=\"\" width=\"500\" height=\"281\" srcset=\"https:\/\/inces.gob.ve\/wp-content\/uploads\/2021\/02\/WhatsApp-Image-2021-02-22-at-23.46.27.jpeg 500w, https:\/\/inces.gob.ve\/wp-content\/uploads\/2021\/02\/WhatsApp-Image-2021-02-22-at-23.46.27-300x169.jpeg 300w\" sizes=\"auto, (max-width: 500px) 100vw, 500px\" \/><\/p>\n<p style=\"text-align: justify;\"><span style=\"font-size: 14pt;\">El Inces, representado por maestros y trabajadores, realiz\u00f3 un recorrido pos sendos hospitales, espacios donde revisaron los sistema de iluminaci\u00f3n, conductividad el\u00e9ctrica, funcionamiento de balastos y s\u00f3cates, funcionamiento de los switches y revisi\u00f3n de circuitos el\u00e9ctricos.\u00a0<\/span><\/p>\n<p style=\"text-align: justify;\">\n<p><img loading=\"lazy\" decoding=\"async\" class=\"aligncenter wp-image-37152 size-full\" src=\"https:\/\/inces.gob.ve\/wp-content\/uploads\/2021\/02\/WhatsApp-Image-2021-02-22-at-23.46.28-1.jpeg\" alt=\"\" width=\"500\" height=\"281\" srcset=\"https:\/\/inces.gob.ve\/wp-content\/uploads\/2021\/02\/WhatsApp-Image-2021-02-22-at-23.46.28-1.jpeg 500w, https:\/\/inces.gob.ve\/wp-content\/uploads\/2021\/02\/WhatsApp-Image-2021-02-22-at-23.46.28-1-300x169.jpeg 300w\" sizes=\"auto, (max-width: 500px) 100vw, 500px\" \/><\/p>\n<p style=\"text-align: justify;\"><span style=\"font-size: 14pt;\">Ya el Inces comenz\u00f3 a realizar algunos trabajos, pero se contin\u00faa avanzando en pro de dar cumplimiento a las orientaciones del Ejecutivo Nacional, en cuanto a la articulaci\u00f3n de las instituciones del Estado para trabajar a favor de un sistema de salud p\u00fablico nacional de calidad<\/span><\/p>\n<p style=\"text-align: justify;\">\n<p style=\"text-align: justify;\">\n","protected":false},"excerpt":{"rendered":"<p>** M\u00e1s de seis instituciones trabajan de la mano para garantizar a los yaracuyanos un sistema de salud p\u00fablico de calidad<\/p>\n","protected":false},"author":4,"featured_media":37153,"comment_status":"closed","ping_status":"closed","sticky":false,"template":"","format":"standard","meta":{"footnotes":""},"categories":[2],"tags":[277,276,95],"class_list":["post-37149","post","type-post","status-publish","format-standard","has-post-thumbnail","hentry","category-blog","tag-drjosegregoriohernandez","tag-fuerzadetrabajoespecial","tag-yaracuy"],"_links":{"self":[{"href":"https:\/\/inces.gob.ve\/index.php\/wp-json\/wp\/v2\/posts\/37149","targetHints":{"allow":["GET"]}}],"collection":[{"href":"https:\/\/inces.gob.ve\/index.php\/wp-json\/wp\/v2\/posts"}],"about":[{"href":"https:\/\/inces.gob.ve\/index.php\/wp-json\/wp\/v2\/types\/post"}],"author":[{"embeddable":true,"href":"https:\/\/inces.gob.ve\/index.php\/wp-json\/wp\/v2\/users\/4"}],"replies":[{"embeddable":true,"href":"https:\/\/inces.gob.ve\/index.php\/wp-json\/wp\/v2\/comments?post=37149"}],"version-history":[{"count":2,"href":"https:\/\/inces.gob.ve\/index.php\/wp-json\/wp\/v2\/posts\/37149\/revisions"}],"predecessor-version":[{"id":37154,"href":"https:\/\/inces.gob.ve\/index.php\/wp-json\/wp\/v2\/posts\/37149\/revisions\/37154"}],"wp:featuredmedia":[{"embeddable":true,"href":"https:\/\/inces.gob.ve\/index.php\/wp-json\/wp\/v2\/media\/37153"}],"wp:attachment":[{"href":"https:\/\/inces.gob.ve\/index.php\/wp-json\/wp\/v2\/media?parent=37149"}],"wp:term":[{"taxonomy":"category","embeddable":true,"href":"https:\/\/inces.gob.ve\/index.php\/wp-json\/wp\/v2\/categories?post=37149"},{"taxonomy":"post_tag","embeddable":true,"href":"https:\/\/inces.gob.ve\/index.php\/wp-json\/wp\/v2\/tags?post=37149"}],"curies":[{"name":"wp","href":"https:\/\/api.w.org\/{rel}","templated":true}]}}