{"id":37155,"date":"2021-02-23T06:20:47","date_gmt":"2021-02-23T10:20:47","guid":{"rendered":"https:\/\/inces.gob.ve\/?p=37155"},"modified":"2021-02-22T23:58:35","modified_gmt":"2021-02-23T03:58:35","slug":"guarico-el-inces-contribuye-con-el-mejoramiento-de-los-centros-de-salud-guariquenos","status":"publish","type":"post","link":"https:\/\/inces.gob.ve\/index.php\/2021\/02\/23\/guarico-el-inces-contribuye-con-el-mejoramiento-de-los-centros-de-salud-guariquenos\/","title":{"rendered":"GU\u00c1RICO | El Inces contribuye con el mejoramiento de los centros de salud guarique\u00f1os"},"content":{"rendered":"<p style=\"text-align: justify;\"><strong><em>*** A trav\u00e9s del Plan Fuerza Especial de Salud Dr. Jos\u00e9 Gregorio Hern\u00e1ndez, maestros y participantes de Inces Gu\u00e1rico realizan reparaciones a mobiliarios, equipos e infraestructura de varios centros de salud en la regi\u00f3n llanera<\/em><\/strong><!--more--><\/p>\n<p style=\"text-align: justify;\"><strong>\u00a0<\/strong><\/p>\n<p style=\"text-align: justify;\"><strong>JULIO RODR\u00cdGUEZ<\/strong><\/p>\n<p style=\"text-align: justify;\">Maestros t\u00e9cnicos productivos y participantes del <strong>Inces<\/strong> en el estado <strong>Gu\u00e1rico<\/strong> se encuentran desplegados en diferentes <strong>centros de salud<\/strong> del estado, con el prop\u00f3sito de realizar el <strong>mantenimiento y reparaci\u00f3n<\/strong> por parte del talento t\u00e9cnico de la instituci\u00f3n a los <strong>equipos, mobiliarios e infraestructura<\/strong> de dichos espacios.<\/p>\n<p style=\"text-align: justify;\">\n<p style=\"text-align: justify;\">\n<p style=\"text-align: justify;\">Este abordaje se est\u00e1 realizando de manera conjunta con la <strong>Fuerza Armada Nacional Bolivariana<\/strong>, as\u00ed como con los <strong>Ministerios del Poder Popular para la Salud y para el H\u00e1bitat y Vivienda, Misi\u00f3n Barrio Nuevo, Barrio Tricolor, Construpatria<\/strong> y otras instituciones, como parte del <strong>Plan Fuerza Especial de Salud \u201cDr. Jos\u00e9 Gregorio Hern\u00e1ndez\u201d<\/strong>.<\/p>\n<p style=\"text-align: justify;\">\n<p style=\"text-align: justify;\">\n<p style=\"text-align: justify;\">As\u00ed lo inform\u00f3 Mar\u00eda Arisela Medina, gerente regional de Inces Gu\u00e1rico, quien explic\u00f3 que <strong>se realiz\u00f3 la reuni\u00f3n<\/strong> de los diferentes entes involucrados en el plan para <strong>evaluar su avance<\/strong> y el levantamiento de un <strong>cronograma de trabajo<\/strong> para las pr\u00f3ximas semanas.<\/p>\n<p style=\"text-align: justify;\">\n<p style=\"text-align: justify;\">\n<p style=\"text-align: justify;\">Medina destac\u00f3 que, siguiendo las orientaciones del presidente del Inces, Wuikelman \u00c1ngel Paredes, en el estado Gu\u00e1rico se va a <strong>seguir brindando el apoyo<\/strong> en las \u00e1reas de <strong>herrer\u00eda, carpinter\u00eda y electricidad<\/strong>, para contribuir a <strong>preservar<\/strong> y <strong>mejorar<\/strong> los <strong>espacios de salud<\/strong>, que son de tanta importancia <strong>para la atenci\u00f3n social del pueblo<\/strong> \u00aby m\u00e1s a\u00fan en estos tiempos de pandemia, en los que el <strong>gobierno bolivariano<\/strong> ha hecho un esfuerzo descomunal para <strong>garantizar la vida y la salud<\/strong> de nuestra gente <strong>a pesar del bloqueo criminal<\/strong> que ha limitado el acceso a medicamentos e insumos m\u00e9dicos\u00bb, enfatiz\u00f3 la gerente regional..<\/p>\n<p style=\"text-align: justify;\">\n<p style=\"text-align: justify;\">\n","protected":false},"excerpt":{"rendered":"<p>*** A trav\u00e9s del Plan Fuerza Especial de Salud Dr. Jos\u00e9 Gregorio Hern\u00e1ndez, maestros y participantes de Inces Gu\u00e1rico realizan reparaciones a mobiliarios, equipos e infraestructura de varios centros de salud en la regi\u00f3n llanera<\/p>\n","protected":false},"author":4,"featured_media":37157,"comment_status":"closed","ping_status":"closed","sticky":false,"template":"","format":"standard","meta":{"footnotes":""},"categories":[2],"tags":[277,276,98],"class_list":["post-37155","post","type-post","status-publish","format-standard","has-post-thumbnail","hentry","category-blog","tag-drjosegregoriohernandez","tag-fuerzadetrabajoespecial","tag-guarico"],"_links":{"self":[{"href":"https:\/\/inces.gob.ve\/index.php\/wp-json\/wp\/v2\/posts\/37155","targetHints":{"allow":["GET"]}}],"collection":[{"href":"https:\/\/inces.gob.ve\/index.php\/wp-json\/wp\/v2\/posts"}],"about":[{"href":"https:\/\/inces.gob.ve\/index.php\/wp-json\/wp\/v2\/types\/post"}],"author":[{"embeddable":true,"href":"https:\/\/inces.gob.ve\/index.php\/wp-json\/wp\/v2\/users\/4"}],"replies":[{"embeddable":true,"href":"https:\/\/inces.gob.ve\/index.php\/wp-json\/wp\/v2\/comments?post=37155"}],"version-history":[{"count":1,"href":"https:\/\/inces.gob.ve\/index.php\/wp-json\/wp\/v2\/posts\/37155\/revisions"}],"predecessor-version":[{"id":37158,"href":"https:\/\/inces.gob.ve\/index.php\/wp-json\/wp\/v2\/posts\/37155\/revisions\/37158"}],"wp:featuredmedia":[{"embeddable":true,"href":"https:\/\/inces.gob.ve\/index.php\/wp-json\/wp\/v2\/media\/37157"}],"wp:attachment":[{"href":"https:\/\/inces.gob.ve\/index.php\/wp-json\/wp\/v2\/media?parent=37155"}],"wp:term":[{"taxonomy":"category","embeddable":true,"href":"https:\/\/inces.gob.ve\/index.php\/wp-json\/wp\/v2\/categories?post=37155"},{"taxonomy":"post_tag","embeddable":true,"href":"https:\/\/inces.gob.ve\/index.php\/wp-json\/wp\/v2\/tags?post=37155"}],"curies":[{"name":"wp","href":"https:\/\/api.w.org\/{rel}","templated":true}]}}