{"id":37212,"date":"2021-02-24T10:53:38","date_gmt":"2021-02-24T14:53:38","guid":{"rendered":"https:\/\/inces.gob.ve\/?p=37212"},"modified":"2021-02-24T12:26:33","modified_gmt":"2021-02-24T16:26:33","slug":"el-inces-se-desplego-en-mas-de-60-hospitales","status":"publish","type":"post","link":"https:\/\/inces.gob.ve\/index.php\/2021\/02\/24\/el-inces-se-desplego-en-mas-de-60-hospitales\/","title":{"rendered":"\u00daLTIMAS NOTICIAS El Inces se despleg\u00f3 en m\u00e1s de 60 hospitales"},"content":{"rendered":"<p><span style=\"font-size: 14pt;\"><em><strong>** Fuerza trabajadora del Inces atiende el\u00a0 llamado del Ejecutivo Nacional<\/strong><\/em> <!--more--><\/span><\/p>\n<p>&nbsp;<\/p>\n<p><span style=\"font-size: 14pt;\"><strong>\u00daLTIMAS NOTICIAS<\/strong><\/span><\/p>\n<p style=\"text-align: justify;\"><span style=\"font-size: 14pt;\">El Instituto Nacional de Capacitaci\u00f3n y Educaci\u00f3n Socialista (Inces) se sum\u00f3 activamente con un contingente de maestros en el Plan Fuerza de Tarea Conjunta Especial de Salud Doctor Jos\u00e9 Gregorio Hern\u00e1ndez, en conjunto con los ministerios para la Salud, Obras P\u00fablicas y la Gran Misi\u00f3n Barrio Nuevo, Barrio Tricolor, con el objetivo de atender los principales centros de salud del pa\u00eds con el diagn\u00f3stico de las fallas, reparaciones y mantenimiento de equipos.<\/span><\/p>\n<p>&nbsp;<\/p>\n<p>&nbsp;<\/p>\n<div id=\"ultim-df21afae6efb1885fd2c0c039a310024\" class=\"ultim-df21afae6efb1885fd2c0c039a310024 ultim-dentro-del-texto\">\n<div id=\"ultim-1553882875\" class=\"ultim-dentro-del-texto\" data-cfptl=\"1\">\n<div class=\"elementor-element elementor-element-6eb4278 elementor-widget elementor-widget-theme-post-content\" style=\"text-align: justify;\" data-id=\"6eb4278\" data-element_type=\"widget\" data-widget_type=\"theme-post-content.default\">\n<div class=\"elementor-widget-container\">\n<p><span style=\"font-size: 14pt;\">El director estrat\u00e9gico del Inces, Guyen Soto, explic\u00f3 en una entrevista para \u00daltimas Noticias que se encuentran haciendo una revisi\u00f3n a los hospitales m\u00e1s emblem\u00e1ticos del pa\u00eds, con los maestros y aprendices de los cursos t\u00e9cnicos como electricidad, refrigeraci\u00f3n, plomer\u00eda, alba\u00f1iler\u00eda, entre otros, para solucionar los problemas que evitan el buen funcionamiento del centro.<\/span><\/p>\n<\/div>\n<\/div>\n<\/div>\n<\/div>\n<p>&nbsp;<\/p>\n<div id=\"ultim-df21afae6efb1885fd2c0c039a310024\" class=\"ultim-df21afae6efb1885fd2c0c039a310024 ultim-dentro-del-texto\">\n<div id=\"ultim-1553882875\" class=\"ultim-dentro-del-texto\" data-cfptl=\"1\">\n<div class=\"elementor-element elementor-element-6eb4278 elementor-widget elementor-widget-theme-post-content\" style=\"text-align: justify;\" data-id=\"6eb4278\" data-element_type=\"widget\" data-widget_type=\"theme-post-content.default\">\n<div class=\"elementor-widget-container\">\n<p><span style=\"font-size: 14pt;\">Precis\u00f3 que el equipo de trabajo del Inces soluciona los problemas menores que est\u00e9n a su alcance de manera inmediata, de requerir mayores insumos estos son dotados por la GMBNBT o por otros de los entes del estado que los acompa\u00f1en en el despliegue, para solventar la tarea de forma r\u00e1pida. A la fecha ya han abordado 67 hospitales en el territorio.<\/span><\/p>\n<\/div>\n<\/div>\n<p>&nbsp;<\/p>\n<div class=\"elementor-element elementor-element-6eb4278 elementor-widget elementor-widget-theme-post-content\" style=\"text-align: justify;\" data-id=\"6eb4278\" data-element_type=\"widget\" data-widget_type=\"theme-post-content.default\">\n<div class=\"elementor-widget-container\">\n<p>&nbsp;<\/p>\n<p><span style=\"font-size: 14pt;\">Formaci\u00f3n t\u00e9cnica como pol\u00edtica p\u00fablica. El Inces se propuso como una de sus acciones banderas para este 2021 impulsar un sistema p\u00fablico nacional de educaci\u00f3n t\u00e9cnica en el pa\u00eds, donde establezca una pol\u00edtica unificada en funci\u00f3n de las demandas t\u00e9cnicas que requiera la naci\u00f3n.<\/span><\/p>\n<p>&nbsp;<\/p>\n<p>&nbsp;<\/p>\n<p><span style=\"font-size: 14pt;\">Esta acci\u00f3n contempla que todos los organismos e institutos que abarquen la educaci\u00f3n t\u00e9cnica, como las escuelas de artes y oficios, los liceos t\u00e9cnicos, los polit\u00e9cnicos, las universidades tecnol\u00f3gicas y territoriales, entre otros, puedan encontrarse en un sistema unificado que aborde la formaci\u00f3n como una pol\u00edtica p\u00fablica nacional.<\/span><\/p>\n<p>&nbsp;<\/p>\n<p>&nbsp;<\/p>\n<p>&nbsp;<\/p>\n<p><span style=\"font-size: 14pt;\">Para la creaci\u00f3n de este sistema ya se estableci\u00f3 una mesa de trabajo con varios organismos como los ministerios de Ciencia y Tecnolog\u00eda, para el Trabajo, para la Educaci\u00f3n Superior, para la Educaci\u00f3n, Comunas, entre otros. \u201cEste planteamiento ha sido muy bien aceptado por los ministerios, para transitar en conjunto\u201d.<\/span><\/p>\n<p>&nbsp;<\/p>\n<p>&nbsp;<\/p>\n<p><span style=\"font-size: 14pt;\">Igualmente se est\u00e1n realizando conversaciones con el sector industrial, para ver cu\u00e1les son sus principales demandas en materia de mano de obra calificada, con el objetivo de orientar los planes de formaci\u00f3n para superar esta necesidad de manera conjunta desde el sistema de educaci\u00f3n t\u00e9cnica.<\/span><\/p>\n<p>&nbsp;<\/p>\n<p>&nbsp;<\/p>\n<p>&nbsp;<\/p>\n<p><span style=\"font-size: 14pt;\">\u201cPara transformar la econom\u00eda del pa\u00eds en una econom\u00eda diversificada, soberana e independiente, hace falta un elemento esencial que es la formaci\u00f3n t\u00e9cnica de la mano de obra que va a transformar\u201d, acot\u00f3.<\/span><\/p>\n<div id=\"ultim-ff4d4f680ba636c7d2a42a7c8edcc1fc\" class=\"ultim-ff4d4f680ba636c7d2a42a7c8edcc1fc ultim-content\"><\/div>\n<h4 id=\"h-avanzan-en-la-formaci-n-2-0\"><span style=\"font-size: 14pt;\"><strong>Avanzan en la formaci\u00f3n 2.0<\/strong><\/span><\/h4>\n<p><span style=\"font-size: 14pt;\">El director estrat\u00e9gico del Inces, Guyen Soto, explic\u00f3 que a pesar de la pandemia del coronavirus, el instituto logr\u00f3 una experiencia exitosa de clases en l\u00ednea, es por ello que tienen como objetivo mantener la modalidad de la educaci\u00f3n virtual como una estrategia de aprendizaje. Para finales del primer trimestre del a\u00f1o, el Inces tiene previsto el lanzamiento de su primera aula virtual, donde los usuarios podr\u00e1n realizar su formaci\u00f3n mediante las multiplataformas en cualquier lugar del pa\u00eds. Esta herramienta permitir\u00e1 la homologaci\u00f3n de criterios y contenidos, adem\u00e1s de que el aprendiz contar\u00e1 con un sistema de atenci\u00f3n en l\u00ednea. Asimismo, el organismo lograr\u00e1 dar un salto tecnol\u00f3gico en materia de la formaci\u00f3n t\u00e9cnica profesional. En una primera etapa iniciar\u00e1n con m\u00e1s de 50 cursos disponibles en esta nueva ventana.<\/span><\/p>\n<\/div>\n<\/div>\n<div class=\"elementor-element elementor-element-304ca82 bdt-social-share-buttons-view-icon bdt-social-share-buttons-shape-circle bdt-social-share-buttons-style-flat bdt-ep-grid-0 bdt-social-share-buttons-color-original elementor-widget elementor-widget-bdt-social-share\" data-id=\"304ca82\" data-element_type=\"widget\" data-widget_type=\"bdt-social-share.default\">\n<div class=\"elementor-widget-container\">\n<div class=\"bdt-social-share bdt-ep-grid\">\n<div class=\"bdt-social-share-item bdt-ep-grid-item\" style=\"text-align: justify;\">\n<div class=\"bdt-social-share-button bdt-social-share-button-facebook\" data-social=\"facebook\"><\/div>\n<\/div>\n<div class=\"bdt-social-share-item bdt-ep-grid-item\" style=\"text-align: justify;\">\n<div class=\"bdt-social-share-button bdt-social-share-button-twitter\" data-social=\"twitter\"><\/div>\n<\/div>\n<div class=\"bdt-social-share-item bdt-ep-grid-item\" style=\"text-align: justify;\"><\/div>\n<div class=\"bdt-social-share-item bdt-ep-grid-item\">\n<div class=\"bdt-social-share-button bdt-social-share-button-telegram\" style=\"text-align: justify;\" data-social=\"telegram\"><\/div>\n<\/div>\n<\/div>\n<\/div>\n<\/div>\n<\/div>\n<\/div>\n","protected":false},"excerpt":{"rendered":"<p>** Fuerza trabajadora del Inces atiende el\u00a0 llamado del Ejecutivo Nacional<\/p>\n","protected":false},"author":4,"featured_media":37032,"comment_status":"closed","ping_status":"closed","sticky":false,"template":"","format":"standard","meta":{"footnotes":""},"categories":[2],"tags":[277,276],"class_list":["post-37212","post","type-post","status-publish","format-standard","has-post-thumbnail","hentry","category-blog","tag-drjosegregoriohernandez","tag-fuerzadetrabajoespecial"],"_links":{"self":[{"href":"https:\/\/inces.gob.ve\/index.php\/wp-json\/wp\/v2\/posts\/37212","targetHints":{"allow":["GET"]}}],"collection":[{"href":"https:\/\/inces.gob.ve\/index.php\/wp-json\/wp\/v2\/posts"}],"about":[{"href":"https:\/\/inces.gob.ve\/index.php\/wp-json\/wp\/v2\/types\/post"}],"author":[{"embeddable":true,"href":"https:\/\/inces.gob.ve\/index.php\/wp-json\/wp\/v2\/users\/4"}],"replies":[{"embeddable":true,"href":"https:\/\/inces.gob.ve\/index.php\/wp-json\/wp\/v2\/comments?post=37212"}],"version-history":[{"count":4,"href":"https:\/\/inces.gob.ve\/index.php\/wp-json\/wp\/v2\/posts\/37212\/revisions"}],"predecessor-version":[{"id":37666,"href":"https:\/\/inces.gob.ve\/index.php\/wp-json\/wp\/v2\/posts\/37212\/revisions\/37666"}],"wp:featuredmedia":[{"embeddable":true,"href":"https:\/\/inces.gob.ve\/index.php\/wp-json\/wp\/v2\/media\/37032"}],"wp:attachment":[{"href":"https:\/\/inces.gob.ve\/index.php\/wp-json\/wp\/v2\/media?parent=37212"}],"wp:term":[{"taxonomy":"category","embeddable":true,"href":"https:\/\/inces.gob.ve\/index.php\/wp-json\/wp\/v2\/categories?post=37212"},{"taxonomy":"post_tag","embeddable":true,"href":"https:\/\/inces.gob.ve\/index.php\/wp-json\/wp\/v2\/tags?post=37212"}],"curies":[{"name":"wp","href":"https:\/\/api.w.org\/{rel}","templated":true}]}}