{"id":37279,"date":"2021-02-26T16:10:54","date_gmt":"2021-02-26T20:10:54","guid":{"rendered":"https:\/\/inces.gob.ve\/?p=37279"},"modified":"2021-04-22T21:29:22","modified_gmt":"2021-04-23T01:29:22","slug":"hace-32-anos-el-pueblo-venezolano-le-dijo-no-al-fmi","status":"publish","type":"post","link":"https:\/\/inces.gob.ve\/index.php\/2021\/02\/26\/hace-32-anos-el-pueblo-venezolano-le-dijo-no-al-fmi\/","title":{"rendered":"Hace 32 a\u00f1os el pueblo venezolano le dijo no al FMI"},"content":{"rendered":"<p style=\"text-align: justify;\"><span style=\"font-size: 14pt;\"><em>** *La primera rebeli\u00f3n popular contra el Fondo Monetario Interrnacional, (FMI), que sacudi\u00f3 al pa\u00eds contra la miseria, el hambre y la pobreza por la receta del neoliberalismo<\/em><!--more--> <\/span><\/p>\n<p>&nbsp;<\/p>\n<p><span style=\"font-size: 14pt;\"><strong>ROD\u00cdN BUSTILLOS<\/strong><\/span><\/p>\n<p style=\"text-align: justify;\"><span style=\"font-size: 14pt;\">Los d\u00edas 27 y 28 de febrero de 1989, se desat\u00f3 un estallido social espont\u00e1neo, el cual los venezolanos y venezolanas lo llamaron \u00abEl Caracazo\u00bb, o El Sacud\u00f3n'\u00bb, fueron los d\u00edas que el pueblo baj\u00f3 de los \u00abcerros\u00bb, o los barrios m\u00e1s humildes y se desat\u00f3 una ola de saqueos en el pa\u00eds. <\/span><\/p>\n<p>&nbsp;<\/p>\n<p style=\"text-align: justify;\"><span style=\"font-size: 14pt;\">La primera rebeli\u00f3n popular contra el Fondo Monetario Interrnacional, (FMI), naci\u00f3 hace 32 a\u00f1os, fue el grito que sacudi\u00f3 a la naci\u00f3n contra la miseria, el hambre y la pobreza creada por la receta del neoliberalismo que implement\u00f3 el gobierno de Carlos Andr\u00e9s P\u00e9rez, a trav\u00e9s del paquetazo neoliberal que impuso el imperio norteamericano. <\/span><\/p>\n<p>&nbsp;<\/p>\n<p style=\"text-align: justify;\"><span style=\"font-size: 14pt;\">Un paquete de medidas econ\u00f3micas para terminar de saquear las riquezas del pa\u00eds que ven\u00edan siendo entregadas de manera generosa a las grandes corporaciones internacionales por los gobiernos adecos y copeyanos, quienes dieron paso a una agobiante crisis social de manera insostenible para que estallara hace 32 a\u00f1os en las calles de Guarenas y Caracas y otras ciudades del pa\u00eds la rebeli\u00f3n popular.<\/span><\/p>\n<p>&nbsp;<\/p>\n<p style=\"text-align: justify;\"><span style=\"font-size: 14pt;\"> Mientras el pueblo sali\u00f3 a las calles a exigir su derecho a la alimentaci\u00f3n, al calzado, a la vestimenta y aquellos art\u00edculos de primera necesidad que no pod\u00edan comprar por los recortes econ\u00f3micos impuestos por el gobierno de Carlos Andr\u00e9s P\u00e9rez, y las exigencias de mayores aportes fiscales que implementaban para poder responder al FMI, el gobierno de Carlos Andr\u00e9s P\u00e9rez, a trav\u00e9s del Plan \u00ab\u00c1vila\u00bb, desat\u00f3 la persecuci\u00f3n contra el pueblo venezolano. <\/span><\/p>\n<p>&nbsp;<\/p>\n<p style=\"text-align: justify;\"><span style=\"font-size: 14pt;\">En esa fecha se registraron m\u00e1s 3 mil desaparecidos, esto tras la masacre por la polic\u00eda metropolitana y la guardia nacional de ese a\u00f1o 89, era acabar con la rebeli\u00f3n popular, permiti\u00e9ndoles el uso de armas de fuego, hecho que trajo grandes consecuencias emprendiendo una brutal represi\u00f3n contra la poblaci\u00f3n. <\/span><\/p>\n<p>&nbsp;<\/p>\n<p style=\"text-align: justify;\"><span style=\"font-size: 14pt;\">El gobierno de Carlos Andr\u00e9s P\u00e9rez, decret\u00f3 el estado de emergencia, previsto en el art\u00edculo 240 de la constituci\u00f3n del 61, donde suspendi\u00f3 las garant\u00edas constitucionales. El derecho a la libertad y seguridad personal, la inviolabilidad del hogar dom\u00e9stico, el libre tr\u00e1nsito, la libertad de expresi\u00f3n, las reuniones en p\u00fablico y el derecho de manifestar pac\u00edficamente fueron suspendidos por 10 d\u00edas. <\/span><\/p>\n<p>&nbsp;<\/p>\n<p style=\"text-align: justify;\"><span style=\"font-size: 14pt;\">Carlos Andr\u00e9s P\u00e9rez, env\u00edo a m\u00e1s de 4 mil soldados con tanquetas a las calles de Caracas para \u00abrestablecer\u00bb el orden, los grupos militares se ubicaron en las faldas de los barrios y comenzaron a asesinar a la gente, disparando indiscriminadamente contra las casas y los habitantes de las zonas m\u00e1s populares de Caracas. Hace 32 a\u00f1os de esa rebeli\u00f3n popular y masacre, marc\u00f3 el antes y despu\u00e9s de la historia en Venezuela.<\/span><\/p>\n<p>&nbsp;<\/p>\n<p style=\"text-align: justify;\"><span style=\"font-size: 14pt;\"> El pueblo elev\u00f3 su moral y sus ideas, con la esperanza de un pa\u00eds mejor y acompa\u00f1\u00f3 al Comandante Eterno Hugo Rafael Ch\u00e1vez Fr\u00edas, para construir el socialismo del siglo XXI, con la Revoluci\u00f3n Bolivariana hoy el pueblo venezolano junto al Presidente obrero Nicol\u00e1s Maduro Moros, garantiza los derechos humanos y pone a primera fila al hombre y a la mujer brind\u00e1ndole protecci\u00f3n social y de justicia, donde la lucha de hoy es seguir construyendo el socialismo bolivariano en un mundo multic\u00e9ntrico y pluripolar.<\/span><\/p>\n","protected":false},"excerpt":{"rendered":"<p>** *La primera rebeli\u00f3n popular contra el Fondo Monetario Interrnacional, (FMI), que sacudi\u00f3 al pa\u00eds contra la miseria, el hambre y la pobreza por la receta del neoliberalismo<\/p>\n","protected":false},"author":4,"featured_media":37280,"comment_status":"closed","ping_status":"closed","sticky":false,"template":"","format":"standard","meta":{"footnotes":""},"categories":[2],"tags":[144],"class_list":["post-37279","post","type-post","status-publish","format-standard","has-post-thumbnail","hentry","category-blog","tag-efemerides"],"_links":{"self":[{"href":"https:\/\/inces.gob.ve\/index.php\/wp-json\/wp\/v2\/posts\/37279","targetHints":{"allow":["GET"]}}],"collection":[{"href":"https:\/\/inces.gob.ve\/index.php\/wp-json\/wp\/v2\/posts"}],"about":[{"href":"https:\/\/inces.gob.ve\/index.php\/wp-json\/wp\/v2\/types\/post"}],"author":[{"embeddable":true,"href":"https:\/\/inces.gob.ve\/index.php\/wp-json\/wp\/v2\/users\/4"}],"replies":[{"embeddable":true,"href":"https:\/\/inces.gob.ve\/index.php\/wp-json\/wp\/v2\/comments?post=37279"}],"version-history":[{"count":4,"href":"https:\/\/inces.gob.ve\/index.php\/wp-json\/wp\/v2\/posts\/37279\/revisions"}],"predecessor-version":[{"id":38045,"href":"https:\/\/inces.gob.ve\/index.php\/wp-json\/wp\/v2\/posts\/37279\/revisions\/38045"}],"wp:featuredmedia":[{"embeddable":true,"href":"https:\/\/inces.gob.ve\/index.php\/wp-json\/wp\/v2\/media\/37280"}],"wp:attachment":[{"href":"https:\/\/inces.gob.ve\/index.php\/wp-json\/wp\/v2\/media?parent=37279"}],"wp:term":[{"taxonomy":"category","embeddable":true,"href":"https:\/\/inces.gob.ve\/index.php\/wp-json\/wp\/v2\/categories?post=37279"},{"taxonomy":"post_tag","embeddable":true,"href":"https:\/\/inces.gob.ve\/index.php\/wp-json\/wp\/v2\/tags?post=37279"}],"curies":[{"name":"wp","href":"https:\/\/api.w.org\/{rel}","templated":true}]}}