{"id":37292,"date":"2021-03-01T08:41:02","date_gmt":"2021-03-01T12:41:02","guid":{"rendered":"https:\/\/inces.gob.ve\/?p=37292"},"modified":"2021-03-01T08:41:02","modified_gmt":"2021-03-01T12:41:02","slug":"apure-continuan-trabajos-en-el-hospital-p-a-o","status":"publish","type":"post","link":"https:\/\/inces.gob.ve\/index.php\/2021\/03\/01\/apure-continuan-trabajos-en-el-hospital-p-a-o\/","title":{"rendered":"APURE | Contin\u00faan trabajos en el hospital P.A.O."},"content":{"rendered":"<p style=\"text-align: justify;\"><span style=\"font-size: 14pt;\"><strong><em>** En el marco de la Fuerza de Tarea Especial de Salud Dr. Jos\u00e9 Gregorio Hern\u00e1ndez, el Inces hace su aporte con el talento humano de la instituci\u00f3n<\/em><\/strong><\/span><!--more--><\/p>\n<p>&nbsp;<\/p>\n<p style=\"text-align: justify;\"><span style=\"font-size: 14pt;\">Aprendices, maestros instructores, educaci\u00f3n de adultos, obreros y personal de la Gerencia, en uni\u00f3n c\u00edvico-militar al mando del G\/D de la ZODI Alfredo Bello y del 2do al mando G\/B Gherson Chac\u00f3n, realizaron importantes avances en la recuperaci\u00f3n del hospital P.A.O, de SAn Fernando de Apure, en materia de\u00a0 saneamiento ambiental, desmalezamiento, recolecci\u00f3n de basura, escombros y pintura en el \u00e1rea de emergencia.<\/span><\/p>\n<p style=\"text-align: justify;\"><span style=\"font-size: 14pt;\">\u00a0<\/span><\/p>\n<p style=\"text-align: justify;\"><span style=\"font-size: 14pt;\">Se proseguir\u00e1 con estas actividades de recuperaci\u00f3n hasta lograr cumplir con el plan de acci\u00f3n establecido anteriormente en la reuni\u00f3n de coordinaci\u00f3n de la tarea especial \u00abDr. Jos\u00e9 Gregorio Hern\u00e1ndez\u00bb.<\/span><\/p>\n","protected":false},"excerpt":{"rendered":"<p>** En el marco de la Fuerza de Tarea Especial de Salud Dr. Jos\u00e9 Gregorio Hern\u00e1ndez, el Inces hace su aporte con el talento humano de la instituci\u00f3n<\/p>\n","protected":false},"author":4,"featured_media":37294,"comment_status":"closed","ping_status":"closed","sticky":false,"template":"","format":"standard","meta":{"footnotes":""},"categories":[2],"tags":[96,277,276],"class_list":["post-37292","post","type-post","status-publish","format-standard","has-post-thumbnail","hentry","category-blog","tag-apure","tag-drjosegregoriohernandez","tag-fuerzadetrabajoespecial"],"_links":{"self":[{"href":"https:\/\/inces.gob.ve\/index.php\/wp-json\/wp\/v2\/posts\/37292","targetHints":{"allow":["GET"]}}],"collection":[{"href":"https:\/\/inces.gob.ve\/index.php\/wp-json\/wp\/v2\/posts"}],"about":[{"href":"https:\/\/inces.gob.ve\/index.php\/wp-json\/wp\/v2\/types\/post"}],"author":[{"embeddable":true,"href":"https:\/\/inces.gob.ve\/index.php\/wp-json\/wp\/v2\/users\/4"}],"replies":[{"embeddable":true,"href":"https:\/\/inces.gob.ve\/index.php\/wp-json\/wp\/v2\/comments?post=37292"}],"version-history":[{"count":1,"href":"https:\/\/inces.gob.ve\/index.php\/wp-json\/wp\/v2\/posts\/37292\/revisions"}],"predecessor-version":[{"id":37295,"href":"https:\/\/inces.gob.ve\/index.php\/wp-json\/wp\/v2\/posts\/37292\/revisions\/37295"}],"wp:featuredmedia":[{"embeddable":true,"href":"https:\/\/inces.gob.ve\/index.php\/wp-json\/wp\/v2\/media\/37294"}],"wp:attachment":[{"href":"https:\/\/inces.gob.ve\/index.php\/wp-json\/wp\/v2\/media?parent=37292"}],"wp:term":[{"taxonomy":"category","embeddable":true,"href":"https:\/\/inces.gob.ve\/index.php\/wp-json\/wp\/v2\/categories?post=37292"},{"taxonomy":"post_tag","embeddable":true,"href":"https:\/\/inces.gob.ve\/index.php\/wp-json\/wp\/v2\/tags?post=37292"}],"curies":[{"name":"wp","href":"https:\/\/api.w.org\/{rel}","templated":true}]}}