{"id":37299,"date":"2021-03-01T14:32:11","date_gmt":"2021-03-01T18:32:11","guid":{"rendered":"https:\/\/inces.gob.ve\/?p=37299"},"modified":"2021-03-01T14:32:11","modified_gmt":"2021-03-01T18:32:11","slug":"caracas-el-cfs-metalmecanica-se-suma-a-la-fuerza-de-tarea-especial-dr-jose-gregorio-hernandez","status":"publish","type":"post","link":"https:\/\/inces.gob.ve\/index.php\/2021\/03\/01\/caracas-el-cfs-metalmecanica-se-suma-a-la-fuerza-de-tarea-especial-dr-jose-gregorio-hernandez\/","title":{"rendered":"CARACAS | El CFS Metalmec\u00e1nica se suma a la fuerza de tarea especial \u201cDr. Jos\u00e9 Gregorio Hern\u00e1ndez\u201d"},"content":{"rendered":"<p style=\"text-align: justify;\"><span style=\"font-size: 14pt;\"><strong><em>**Con el mayor de los compromisos, el talento t\u00e9cnico de nuestros centros de formaci\u00f3n se incorpora a la fuerza de tarea especial para la rehabilitaci\u00f3n de centros de salud en todo el territorio nacional<\/em><\/strong><\/span><!--more--><\/p>\n<p style=\"text-align: justify;\">\n<p style=\"text-align: justify;\"><strong><span style=\"font-size: 14pt;\">LORENA ALMARZA<\/span><\/strong><\/p>\n<p style=\"text-align: justify;\"><span style=\"font-size: 14pt;\">Maestros t\u00e9cnicos, aprendices y especialistas de diversas especialidades del centro de formaci\u00f3n socialista Metalmec\u00e1nica, ubicado en la parroquia 23 de enero, forman parte del equipo multidisciplinario que realiza<a href=\"https:\/\/twitter.com\/IncesCaracas1\/status\/1364934896788119559?s=20\"> la inspecci\u00f3n\u00a0 y el diagn\u00f3stico del Hospital Psiqui\u00e1trico Jes\u00fas Yerena<\/a>, conocido como Hospital de L\u00eddice.<\/span><\/p>\n<p style=\"text-align: justify;\">\n<p style=\"text-align: justify;\">\n","protected":false},"excerpt":{"rendered":"<p>**Con el mayor de los compromisos, el talento t\u00e9cnico de nuestros centros de formaci\u00f3n se incorpora a la fuerza de tarea especial para la rehabilitaci\u00f3n de centros de salud en todo el territorio nacional<\/p>\n","protected":false},"author":4,"featured_media":37300,"comment_status":"closed","ping_status":"closed","sticky":false,"template":"","format":"standard","meta":{"footnotes":""},"categories":[2],"tags":[299,277,276],"class_list":["post-37299","post","type-post","status-publish","format-standard","has-post-thumbnail","hentry","category-blog","tag-caracas","tag-drjosegregoriohernandez","tag-fuerzadetrabajoespecial"],"_links":{"self":[{"href":"https:\/\/inces.gob.ve\/index.php\/wp-json\/wp\/v2\/posts\/37299","targetHints":{"allow":["GET"]}}],"collection":[{"href":"https:\/\/inces.gob.ve\/index.php\/wp-json\/wp\/v2\/posts"}],"about":[{"href":"https:\/\/inces.gob.ve\/index.php\/wp-json\/wp\/v2\/types\/post"}],"author":[{"embeddable":true,"href":"https:\/\/inces.gob.ve\/index.php\/wp-json\/wp\/v2\/users\/4"}],"replies":[{"embeddable":true,"href":"https:\/\/inces.gob.ve\/index.php\/wp-json\/wp\/v2\/comments?post=37299"}],"version-history":[{"count":1,"href":"https:\/\/inces.gob.ve\/index.php\/wp-json\/wp\/v2\/posts\/37299\/revisions"}],"predecessor-version":[{"id":37301,"href":"https:\/\/inces.gob.ve\/index.php\/wp-json\/wp\/v2\/posts\/37299\/revisions\/37301"}],"wp:featuredmedia":[{"embeddable":true,"href":"https:\/\/inces.gob.ve\/index.php\/wp-json\/wp\/v2\/media\/37300"}],"wp:attachment":[{"href":"https:\/\/inces.gob.ve\/index.php\/wp-json\/wp\/v2\/media?parent=37299"}],"wp:term":[{"taxonomy":"category","embeddable":true,"href":"https:\/\/inces.gob.ve\/index.php\/wp-json\/wp\/v2\/categories?post=37299"},{"taxonomy":"post_tag","embeddable":true,"href":"https:\/\/inces.gob.ve\/index.php\/wp-json\/wp\/v2\/tags?post=37299"}],"curies":[{"name":"wp","href":"https:\/\/api.w.org\/{rel}","templated":true}]}}