{"id":37302,"date":"2021-03-01T14:43:15","date_gmt":"2021-03-01T18:43:15","guid":{"rendered":"https:\/\/inces.gob.ve\/?p=37302"},"modified":"2021-03-01T14:43:15","modified_gmt":"2021-03-01T18:43:15","slug":"trujillo-inicia-plan-de-formacion-la-comuna-una-escuela","status":"publish","type":"post","link":"https:\/\/inces.gob.ve\/index.php\/2021\/03\/01\/trujillo-inicia-plan-de-formacion-la-comuna-una-escuela\/","title":{"rendered":"TRUJILLO | Inicia plan de formaci\u00f3n \u00abLa comuna una escuela\u00bb"},"content":{"rendered":"<p style=\"text-align: justify;\"><span style=\"font-size: 14pt;\"><strong><em>** La meta es formar a m\u00e1s de 600 voceros de los Consejos Comunales que integran las comunas de los municipios Bocon\u00f3, Urdaneta, Pamp\u00e1n, Trujillo, San Rafael de Carvajal, Betijoque, Candelaria, Sucre y Valera<\/em><\/strong><!--more--><b><\/b><\/span><\/p>\n<p>&nbsp;<\/p>\n<p style=\"text-align: justify;\"><span style=\"font-size: 14pt;\"><strong>PRENSA INCE TRUJILLO<\/strong><\/span><\/p>\n<p style=\"text-align: justify;\"><span style=\"font-size: 14pt;\">El Inces Regi\u00f3n Trujillo dio inicio al plan de formaci\u00f3n pol\u00edtico, ideol\u00f3gico, t\u00e9cnico y productivo denominado\u00a0 \u00abLa comuna una escuela\u00bb, en nueve municipios de la entidad andina.<\/span><\/p>\n<p>&nbsp;<\/p>\n<p style=\"text-align: justify;\"><span style=\"font-size: 14pt;\">La jornada educativa se dio en articulaci\u00f3n con la Zona Educativa, La Universidad del Magisterio, El Ministerio del Poder Popular para las Comunas y los Movimientos Sociales, la Direcci\u00f3n del Poder Popular de la gobernaci\u00f3n, la Direcci\u00f3n de Educaci\u00f3n y el Bloque Estadal Comunal.<\/span><\/p>\n<p style=\"text-align: justify;\"><span style=\"font-size: 14pt;\">\u00a0<\/span><\/p>\n<p style=\"text-align: justify;\"><span style=\"font-size: 14pt;\">\u201cLa meta es formar a m\u00e1s de 600 voceros y voceras de los consejos comunales que integran las comunas de los municipios Bocon\u00f3, Urdaneta, Pamp\u00e1n, Trujillo, San Rafael de Carvajal, Betijoque, Candelaria, Sucre y Valera\u201d, puntualiz\u00f3 la gerente regional del Inces, Ang\u00e9lica Mor\u00f3n.<\/span><\/p>\n<p>&nbsp;<\/p>\n<p style=\"text-align: justify;\"><span style=\"font-size: 14pt;\">Asimismo, inform\u00f3 que se activaron 21 aulas virtuales en ocho municipios donde se conectaron, a trav\u00e9s de la herramienta tecnol\u00f3gica Zoom, m\u00e1s de 400 voceros y voceras en este primer contacto. \u201cEsto fue posible gracias al apoyo de las instituciones educativas, universidades, entidades de trabajo, iglesias y casas ubicadas en el radio de acci\u00f3n de las comunas que garantizaron el servicio del internet para el desarrollo de la jornada, cumpliendo con las normas de bioseguridad\u201d, expres\u00f3 la joven l\u00edder.<\/span><\/p>\n<p>&nbsp;<\/p>\n<p style=\"text-align: justify;\"><span style=\"font-size: 14pt;\">El plan es una estrategia que busca fortalecer la organizaci\u00f3n desde la formaci\u00f3n, a trav\u00e9s de la comunalizaci\u00f3n de la educaci\u00f3n que busca crear la cultura comunera rumbo a las ciudades comunales.<\/span><\/p>\n","protected":false},"excerpt":{"rendered":"<p>** La meta es formar a m\u00e1s de 600 voceros de los Consejos Comunales que integran las comunas de los municipios Bocon\u00f3, Urdaneta, Pamp\u00e1n, Trujillo, San Rafael de Carvajal, Betijoque, Candelaria, Sucre y Valera<\/p>\n","protected":false},"author":4,"featured_media":37303,"comment_status":"closed","ping_status":"closed","sticky":false,"template":"","format":"standard","meta":{"footnotes":""},"categories":[2],"tags":[301,78],"class_list":["post-37302","post","type-post","status-publish","format-standard","has-post-thumbnail","hentry","category-blog","tag-comunas","tag-trujillo"],"_links":{"self":[{"href":"https:\/\/inces.gob.ve\/index.php\/wp-json\/wp\/v2\/posts\/37302","targetHints":{"allow":["GET"]}}],"collection":[{"href":"https:\/\/inces.gob.ve\/index.php\/wp-json\/wp\/v2\/posts"}],"about":[{"href":"https:\/\/inces.gob.ve\/index.php\/wp-json\/wp\/v2\/types\/post"}],"author":[{"embeddable":true,"href":"https:\/\/inces.gob.ve\/index.php\/wp-json\/wp\/v2\/users\/4"}],"replies":[{"embeddable":true,"href":"https:\/\/inces.gob.ve\/index.php\/wp-json\/wp\/v2\/comments?post=37302"}],"version-history":[{"count":1,"href":"https:\/\/inces.gob.ve\/index.php\/wp-json\/wp\/v2\/posts\/37302\/revisions"}],"predecessor-version":[{"id":37304,"href":"https:\/\/inces.gob.ve\/index.php\/wp-json\/wp\/v2\/posts\/37302\/revisions\/37304"}],"wp:featuredmedia":[{"embeddable":true,"href":"https:\/\/inces.gob.ve\/index.php\/wp-json\/wp\/v2\/media\/37303"}],"wp:attachment":[{"href":"https:\/\/inces.gob.ve\/index.php\/wp-json\/wp\/v2\/media?parent=37302"}],"wp:term":[{"taxonomy":"category","embeddable":true,"href":"https:\/\/inces.gob.ve\/index.php\/wp-json\/wp\/v2\/categories?post=37302"},{"taxonomy":"post_tag","embeddable":true,"href":"https:\/\/inces.gob.ve\/index.php\/wp-json\/wp\/v2\/tags?post=37302"}],"curies":[{"name":"wp","href":"https:\/\/api.w.org\/{rel}","templated":true}]}}