{"id":37311,"date":"2021-03-02T05:57:17","date_gmt":"2021-03-02T09:57:17","guid":{"rendered":"https:\/\/inces.gob.ve\/?p=37311"},"modified":"2021-03-02T07:19:41","modified_gmt":"2021-03-02T11:19:41","slug":"trujillo-mas-de-600-voceros-se-formaron-con-plan-la-comuna-una-escuela","status":"publish","type":"post","link":"https:\/\/inces.gob.ve\/index.php\/2021\/03\/02\/trujillo-mas-de-600-voceros-se-formaron-con-plan-la-comuna-una-escuela\/","title":{"rendered":"TRUJILLO | M\u00e1s de 600 voceros se formaron con el plan \u00abLa comuna una escuela\u00bb"},"content":{"rendered":"<div class=\"gmail_attr\" dir=\"ltr\">\n<p style=\"text-align: justify;\"><span style=\"font-size: 14pt;\"><em><b>** La actividad estuvo a cargo del gobernador y coordinador pol\u00edtico del estado Trujillo G\/J Henry de Jes\u00fas Rangel Silva<\/b><\/em><\/span><\/p>\n<\/div>\n<p style=\"text-align: justify;\"><span style=\"font-size: 14pt;\"><!--more--><\/span><\/p>\n<div class=\"gmail_attr\" dir=\"ltr\" style=\"text-align: justify;\">\n<p><span style=\"font-size: 14pt;\">M\u00e1s de 600 voceros y voceras de 175 consejos comunales que integran 31 comunas participaron en la formaci\u00f3n \u00abLa comuna una escuela\u00bb, con la intenci\u00f3n de fortalecer al poder popular organizado. Para ello, se desarroll\u00f3 el I m\u00f3dulo de formaci\u00f3n, denominado \u00bfC\u00f3mo seguir fortaleciendo el poder popular en tiempos de pandemia?, que estuvo a cargo del gobernador y coordinador pol\u00edtico del estado Trujillo el G\/J Henry de Jes\u00fas Rangel Silva.<\/span><\/p>\n<p>&nbsp;<\/p>\n<p><span style=\"font-size: 14pt;\">Un m\u00f3dulo que reforz\u00f3 el cumplimento de las medidas de bioseguridad sin perder de vista el esp\u00edritu de lucha, el esp\u00edritu comunero.<\/span><\/p>\n<p>&nbsp;<\/p>\n<p><span style=\"font-size: 14pt;\">A \u00a0fin de generar acciones que conlleven a desarrollar a fortalecer el poder popular, el gobernador del estado desarroll\u00f3 durante su intervenci\u00f3n cinco l\u00edneas de acci\u00f3n:<\/span><\/p>\n<p>&nbsp;<\/p>\n<p><span style=\"font-size: 14pt;\">1.- La Formaci\u00f3n.<\/span><\/p>\n<p><span style=\"font-size: 14pt;\">2.-Fortalecer la organizaci\u00f3n.<\/span><\/p>\n<p><span style=\"font-size: 14pt;\">3.- Activaci\u00f3n del Parlamento Comunal.<\/span><\/p>\n<p><span style=\"font-size: 14pt;\">4.-Impulsar la Gesti\u00f3n Comunal.<\/span><\/p>\n<p><span style=\"font-size: 14pt;\">5.- Desarrollo de la Econom\u00eda Productiva.<\/span><\/p>\n<p>&nbsp;<\/p>\n<p><span style=\"font-size: 14pt;\">En la formaci\u00f3n participaron con la activaci\u00f3n de 23 Aulas virtuales m\u00e1s de 600 voceros y voceras de 175 consejos comunales que integran 31 comunas de ocho municipios de la entidad trujillana.<\/span><\/p>\n<p>&nbsp;<\/p>\n<p><span style=\"font-size: 14pt;\">La actividad estuvo dirigida por la gerente regional del Inces, Ang\u00e9lica Mor\u00f3n; el profesor Isaac Rojo, responsable de la Universidad Nacional del Magisterio \u00abSamuel Robinson; Alexis Brice\u00f1o, jefe de la Divisi\u00f3n de Supervisi\u00f3n de la Zona Educativa; Mar\u00eda Palomares, directora de Educaci\u00f3n de la gbernaci\u00f3n; Gabriela Araujo, vocera del Bloque Estadal de Comunal, en compa\u00f1\u00eda de Rosario Molero, en representaci\u00f3n del Centro de Altos Estudios del PSUV y los activadores del poder popular de cada una de las instancias en el territorio.<\/span><\/p>\n<p>&nbsp;<\/p>\n<p><span style=\"font-size: 14pt;\">\u00a0\u201cEste 2021 es el a\u00f1o del fortalecimiento del poder popular, del impulso de las ciudades comunales, de fortalecer un nuevo modelo econ\u00f3mico comunal. Agradecemos al Gobernador G\/J Henry Rangel Silva por asumir y acompa\u00f1ar este Plan de Formaci\u00f3n como una tarea de primer orden para fortalecer el poder popular\u201d, acot\u00f3 Mor\u00f3n.<\/span><\/p>\n<\/div>\n<p style=\"text-align: justify;\"><span style=\"font-size: 14pt;\">\u00a0<\/span><\/p>\n<p style=\"text-align: justify;\">\n","protected":false},"excerpt":{"rendered":"<p>** La actividad estuvo a cargo del gobernador y coordinador pol\u00edtico del estado Trujillo G\/J Henry de Jes\u00fas Rangel Silva<\/p>\n","protected":false},"author":4,"featured_media":37314,"comment_status":"closed","ping_status":"closed","sticky":false,"template":"","format":"standard","meta":{"footnotes":""},"categories":[2],"tags":[78],"class_list":["post-37311","post","type-post","status-publish","format-standard","has-post-thumbnail","hentry","category-blog","tag-trujillo"],"_links":{"self":[{"href":"https:\/\/inces.gob.ve\/index.php\/wp-json\/wp\/v2\/posts\/37311","targetHints":{"allow":["GET"]}}],"collection":[{"href":"https:\/\/inces.gob.ve\/index.php\/wp-json\/wp\/v2\/posts"}],"about":[{"href":"https:\/\/inces.gob.ve\/index.php\/wp-json\/wp\/v2\/types\/post"}],"author":[{"embeddable":true,"href":"https:\/\/inces.gob.ve\/index.php\/wp-json\/wp\/v2\/users\/4"}],"replies":[{"embeddable":true,"href":"https:\/\/inces.gob.ve\/index.php\/wp-json\/wp\/v2\/comments?post=37311"}],"version-history":[{"count":3,"href":"https:\/\/inces.gob.ve\/index.php\/wp-json\/wp\/v2\/posts\/37311\/revisions"}],"predecessor-version":[{"id":37322,"href":"https:\/\/inces.gob.ve\/index.php\/wp-json\/wp\/v2\/posts\/37311\/revisions\/37322"}],"wp:featuredmedia":[{"embeddable":true,"href":"https:\/\/inces.gob.ve\/index.php\/wp-json\/wp\/v2\/media\/37314"}],"wp:attachment":[{"href":"https:\/\/inces.gob.ve\/index.php\/wp-json\/wp\/v2\/media?parent=37311"}],"wp:term":[{"taxonomy":"category","embeddable":true,"href":"https:\/\/inces.gob.ve\/index.php\/wp-json\/wp\/v2\/categories?post=37311"},{"taxonomy":"post_tag","embeddable":true,"href":"https:\/\/inces.gob.ve\/index.php\/wp-json\/wp\/v2\/tags?post=37311"}],"curies":[{"name":"wp","href":"https:\/\/api.w.org\/{rel}","templated":true}]}}