{"id":37344,"date":"2021-03-04T11:50:47","date_gmt":"2021-03-04T15:50:47","guid":{"rendered":"https:\/\/inces.gob.ve\/?p=37344"},"modified":"2021-03-04T11:50:47","modified_gmt":"2021-03-04T15:50:47","slug":"bolivar-abiertas-inscripciones-de-bachillerato-productivo","status":"publish","type":"post","link":"https:\/\/inces.gob.ve\/index.php\/2021\/03\/04\/bolivar-abiertas-inscripciones-de-bachillerato-productivo\/","title":{"rendered":"BOL\u00cdVAR | Abiertas inscripciones de bachillerato productivo"},"content":{"rendered":"<p><em><span style=\"font-size: 14pt;\">**Para este a\u00f1o la meta es formar a 56.434 participantes<\/span><\/em><!--more--><\/p>\n<p>&nbsp;<\/p>\n<p style=\"text-align: justify;\"><span style=\"color: #353535; font-size: 14pt;\"><span style=\"font-family: Arial, serif;\"><b>JOS\u00c9 SU\u00c1REZ<br \/>\n<\/b><\/span><\/span><\/p>\n<p style=\"text-align: justify;\" align=\"justify\"><span style=\"font-family: Arial, serif; font-size: 14pt;\"><span style=\"color: #3d3d3d;\">La Directora del Programa Educaci\u00f3n Media General, Rosaysma Carri\u00f3n, declar\u00f3 que est\u00e1n abiertas las inscripciones desde el 10 de Febrero hasta el 5 de marzo. <\/span><\/span><\/p>\n<p align=\"justify\">\n<p style=\"text-align: justify;\" align=\"justify\"><span style=\"font-size: 14pt;\"><span style=\"font-family: Arial, serif;\"><span style=\"color: #3d3d3d;\">La informaci\u00f3n, fue suministrada <\/span><\/span><span style=\"font-family: Arial, serif;\"><b><span style=\"color: #3d3d3d;\">a trav\u00e9s del programa radial \u201cSin Apuros y sin Estr\u00e9s\u201d, trasmitido por Radio Rom\u00e1ntica 102.3 fm y Fiesta 92.9 Fm Center este Mi\u00e9rcoles<\/span><\/b><\/span><span style=\"font-family: Arial, serif;\"><span style=\"color: #3d3d3d;\">, donde puntualiz\u00f3 a la ciudadan\u00eda en general, <\/span><\/span><span style=\"font-family: Arial, serif;\"><b><span style=\"color: #3d3d3d;\">enviar los requisitos correspondientes: <\/span><\/b><\/span><span style=\"font-family: Arial, serif;\"><span style=\"color: #3d3d3d;\">Dos (2) fotograf\u00edas tipo Carnet, partida de nacimiento (original y copia), c\u00e9dula de identidad (original y copia), constancia o comprobante de aprobaci\u00f3n de 6to Grado, ser mayor de 15 a\u00f1os de edad y el certificado de calificaciones (original y copia) al correo: inscripcionesueincesbolivar@gmail.com<\/span><\/span><\/span><\/p>\n<p align=\"justify\">\n<p style=\"text-align: justify;\" align=\"justify\"><span style=\"font-size: 14pt;\"><span style=\"font-family: Arial, serif;\"><span style=\"color: #3d3d3d;\">As\u00ed mismo explic\u00f3 que el <\/span><\/span><span style=\"color: #3d3d3d;\"><span style=\"font-family: Arial, serif;\"><b>Bachillerato con perfil productivo, tiene una modalidad de Educaci\u00f3n de J\u00f3venes, Adultas y Adultos<\/b><\/span><\/span><span style=\"color: #3d3d3d;\"><span style=\"font-family: Arial, serif;\">, donde los estudiantes aprender\u00e1n los componentes b\u00e1sicos; de Lengua, Cultura y Comunicaci\u00f3n, Matem\u00e1tica, Ciencias Naturales, Memoria, Territorio y Ciudadan\u00eda. De igual modo la integraci\u00f3n en la comunidades con actividades culturales y acci\u00f3n comunal de lograr captar a j\u00f3venes, adultas y adultos hacia la vinculaci\u00f3n laboral.<\/span><\/span><\/span><\/p>\n<p align=\"justify\">\n<p style=\"text-align: justify;\" align=\"justify\"><span style=\"font-family: Arial, serif; font-size: 14pt;\"><span style=\"color: #3d3d3d;\">Hizo el llamado a la juventud a seguir fortaleciendo sus niveles acad\u00e9micos mediante las opciones formativas que brinda el Inces, una formaci\u00f3n t\u00e9cnica profesional con prestigio internacional.<\/span><\/span><\/p>\n<p style=\"text-align: justify;\"><span style=\"font-family: Arial, serif; font-size: 14pt;\"><span style=\"color: #3d3d3d;\"><br \/>\n<\/span><\/span><\/p>\n","protected":false},"excerpt":{"rendered":"<p>**Para este a\u00f1o la meta es formar a 56.434 participantes<\/p>\n","protected":false},"author":4,"featured_media":19656,"comment_status":"closed","ping_status":"closed","sticky":false,"template":"","format":"standard","meta":{"footnotes":""},"categories":[2],"tags":[139,93],"class_list":["post-37344","post","type-post","status-publish","format-standard","has-post-thumbnail","hentry","category-blog","tag-bachilleratoproductivo","tag-bolivar"],"_links":{"self":[{"href":"https:\/\/inces.gob.ve\/index.php\/wp-json\/wp\/v2\/posts\/37344","targetHints":{"allow":["GET"]}}],"collection":[{"href":"https:\/\/inces.gob.ve\/index.php\/wp-json\/wp\/v2\/posts"}],"about":[{"href":"https:\/\/inces.gob.ve\/index.php\/wp-json\/wp\/v2\/types\/post"}],"author":[{"embeddable":true,"href":"https:\/\/inces.gob.ve\/index.php\/wp-json\/wp\/v2\/users\/4"}],"replies":[{"embeddable":true,"href":"https:\/\/inces.gob.ve\/index.php\/wp-json\/wp\/v2\/comments?post=37344"}],"version-history":[{"count":1,"href":"https:\/\/inces.gob.ve\/index.php\/wp-json\/wp\/v2\/posts\/37344\/revisions"}],"predecessor-version":[{"id":37345,"href":"https:\/\/inces.gob.ve\/index.php\/wp-json\/wp\/v2\/posts\/37344\/revisions\/37345"}],"wp:featuredmedia":[{"embeddable":true,"href":"https:\/\/inces.gob.ve\/index.php\/wp-json\/wp\/v2\/media\/19656"}],"wp:attachment":[{"href":"https:\/\/inces.gob.ve\/index.php\/wp-json\/wp\/v2\/media?parent=37344"}],"wp:term":[{"taxonomy":"category","embeddable":true,"href":"https:\/\/inces.gob.ve\/index.php\/wp-json\/wp\/v2\/categories?post=37344"},{"taxonomy":"post_tag","embeddable":true,"href":"https:\/\/inces.gob.ve\/index.php\/wp-json\/wp\/v2\/tags?post=37344"}],"curies":[{"name":"wp","href":"https:\/\/api.w.org\/{rel}","templated":true}]}}